{"id":5276,"date":"2025-10-10T14:19:15","date_gmt":"2025-10-10T12:19:15","guid":{"rendered":"https:\/\/www.quantumbw.de\/?p=5276"},"modified":"2025-10-10T14:31:56","modified_gmt":"2025-10-10T12:31:56","slug":"quantum-effects-2025-rueckblick","status":"publish","type":"post","link":"https:\/\/www.quantumbw.de\/de\/news\/quantum-effects-2025-rueckblick\/","title":{"rendered":"Quantum Effects 2025"},"content":{"rendered":"<div class=\"wpb-content-wrapper\"><p>[vc_row][vc_column][module_parallax_hero_image module_ratio=\u201cr\u201121\u20139\u201d position=\u201cmid-left\u201d spacebefore=\u201cspacebefore-none\u201d spaceafter=\u201cspaceafter\u2011m\u201d indentbefore=\u201cindentbefore-none\u201d indentafter=\u201cindentafter-none\u201d bgcolor=\u201d\u201d module_effect=\u201ceffect-media\u201d image=\u201c5264\u201d]<\/p>\n<p class=\"paragraph\"><span class=\"font-size-xl font-color-bright\"><strong>Quantum Effects 2025&nbsp;<\/strong><\/span><\/p>\n<p>[\/module_parallax_hero_image][\/vc_column][\/vc_row][vc_row][vc_column][module_free_text spacebefore=\u201cspacebefore-none\u201d spaceafter=\u201cspaceafter\u2011m\u201d indentbefore=\u201cindentbefore-xs\u201d indentafter=\u201cindentafter-xs\u201d bgcolor=\u201d\u201d moduleeffect=\u201ceffect-media\u201d]<\/p>\n<h2><strong>10.10.25 R\u00fcckblick auf die Quantum Effects 2025<\/strong><\/h2>\n<h1><strong>Quantum Effects 2025 \u2013 Inter\u00adna\u00adtionales Treffen der Quanteninnovationen&nbsp;<\/strong><\/h1>\n<p>[\/module_free_text][\/vc_column][\/vc_row][vc_row][vc_column][module_free_text spacebefore=\u201cspacebefore-none\u201d spaceafter=\u201cspaceafter\u2011m\u201d indentbefore=\u201cindentbefore-xs\u201d indentafter=\u201cindentafter-xs\u201d bgcolor=\u201d\u201d moduleeffect=\u201ceffect-media\u201d]<\/p>\n<p class=\"paragraph\"><span class=\"font-size-m\"><strong>Mit gro\u00dfer Begeis\u00adterung blicken wir bei Quantum<sup>BW<\/sup> auf die Quantum Effects 2025 zur\u00fcck, die inter\u00adna\u00adtionale Fachmesse f\u00fcr Quanten\u00adtechnologien, die vom 07.\u201308. Oktober in Stuttgart stattfand. Quantum<sup>BW<\/sup> war mit einem gro\u00dfen Gemein\u00adschafts\u00adstand und zahlre\u00adichen Netzw\u00aderk\u00adpart\u00adnern vor Ort \u2013 ein beein\u00addruck\u00adender Meilen\u00adstein f\u00fcr die F\u00f6rderung der Quanten\u00adtechnologien in Baden-W\u00fcrttemberg, der einmal mehr zeigte, was THE L\u00c4ND in der Welt der Quanten zu bieten hat.<\/strong><\/span><\/p>\n<p>[\/module_free_text][\/vc_column][\/vc_row][vc_row][vc_column][module_freetext_image column_order=\u201ctext-left\u201d space_between_cols=\u201cm\u201d image_width=\u201cm\u201d image_tint=\u201d\u201d caption=\u201cRmVpZXJsaWNoZSUyMEVyJUMzJUI2ZmZudW5nJTIwZGVyJTIwUXVhbnR1bSUyMEVmZmVjdHMlMjAyMDI1JTIwbWl0JTIwV2lydHNjaGFmdHNtaW5pc3RlcmluJTIwRHIuJTIwTmljb2xlJTIwSG9mZm1laXN0ZXItS3JhdXQuJTIwJUMyJUE5JTIwTHVkbWlsbGElMjBQYXJzeWFrJTIwJTJGJTIwR2FicmllbCUyMFBhcnN5YWs=\u201d spacebefore=\u201cspacebefore-none\u201d spaceafter=\u201cspaceafter\u2011m\u201d indentbefore=\u201cindentbefore-xs\u201d indentafter=\u201cindentafter-xs\u201d bgcolor=\u201d\u201d module_effect=\u201ceffect-media\u201d image=\u201c5266\u201d]<\/p>\n<p class=\"paragraph\"><span class=\"font-size-s\">Der gro\u00dfe, gelbe Quantum<sup>BW<\/sup>-Gemein\u00adschafts\u00adstand bildete das Herzst\u00fcck der Messe, was sinnbildlich die zentrale Funktion von QuantumBW im Quantentechnologie-\u00d6kosystem Baden-W\u00fcrttembergs und \u00fcber die Landes\u00adgren\u00adzen hinaus wider\u00adspiegelt. Als leben\u00addes Zentrum bot der Stand eine breite Palette von Quanten\u00adtechnologien und Anwen\u00addungs\u00adbeispie\u00adlen mit einem Fokus auf die Branchen: Biomedi\u00adzin, Materi\u00adal\u00adwis\u00adsenschaften, KI, Mobilit\u00e4t und Raumfahrt. Die Ausstel\u00adlen\u00adden Forschungspart\u00adner aus dem Quantum<sup>BW<\/sup>-Netzw\u00aderk zeigten eindr\u00fcck\u00adlich die Innova\u00adtion\u00adskraft des Landes. Mit dabei waren das Deutsche Zentrum f\u00fcr Luft- und Raumfahrt (DLR), die Fraunhofer-Institute IAF, IAO, IPA, IWM und IPM, IQST, QSens, Hahn-Schickard, Thales, Photon\u00adicsBW, Bw_i, The Quantum Future und The Aerospace L\u00e4nd.<\/span><\/p>\n<p>[\/module_freetext_image][module_free_text spacebefore=\u201cspacebefore-none\u201d spaceafter=\u201cspaceafter\u2011m\u201d indentbefore=\u201cindentbefore-xs\u201d indentafter=\u201cindentafter-xs\u201d bgcolor=\u201d\u201d moduleeffect=\u201ceffect-media\u201d]<\/p>\n<p class=\"paragraph\"><span class=\"font-size-s\">Neben den spannen\u00adden Anwen\u00addungs\u00addemon\u00adstra\u00adtoren auf den Messes\u00adt\u00e4n\u00adden gab es auch ein reiches Angebot an Fachvortr\u00e4ge und Diskus\u00adsio\u00adnen \u2013 darunter Panels zu Themen wie Indus\u00adtri\u00adal\u00adisierung, Vertei\u00addi\u00adgung, High-Tech-Agenda und Quanten\u00adnetz\u00adwerke. Die vielen Austausch\u00adplat\u00adtfor\u00admen und \u2011formate zogen viele Besuchende an und boten spannende Einblicke in die Zukunft der Quantentechnologien.<\/span><\/p>\n<p class=\"paragraph\"><span class=\"font-size-s\">Zu den H\u00f6hep\u00adunk\u00adten der Messe geh\u00f6rte neben der Er\u00f6ff\u00adnung mit der Wirtschaftsmin\u00adis\u00adterin von Baden-W\u00fcrttemberg Dr. Nicole Hoffmeister-Kraut auch die feier\u00adliche Unterze\u00adich\u00adnung eines Memoran\u00addums of Under\u00adstand\u00ading (MoU) zwischen GENCI (Maisons du quantique) und Quantum<sup>BW<\/sup>. Ziel dieser Verein\u00adbarung ist es, den Wissensaus\u00adtausch und die Zusam\u00adme\u00adnar\u00adbeit zwischen dem franz\u00f6\u00adsis\u00adchen und dem baden-w\u00fcrttembergischen Quantentechnologie-\u00d6kosystem zu st\u00e4rken.<\/span><\/p>\n<p class=\"paragraph\"><span class=\"font-size-s\">Nach so einer Messe wird einmal mehr klar, dass wir auf dem Weg in eine erfol\u00adgre\u00adiche und spannende Zukunft mit praktis\u00adchen Anwen\u00addun\u00adgen von Quanten\u00adtechnologien sind. Wir freuen uns bereits jetzt auf die Quantum Effects 2026!<\/span><\/p>\n<p>[\/module_free_text][module_free_text spacebefore=\u201cspacebefore-none\u201d spaceafter=\u201cspaceafter\u2011m\u201d indentbefore=\u201cindentbefore-xs\u201d indentafter=\u201cindentafter-xs\u201d bgcolor=\u201d\u201d moduleeffect=\u201ceffect-media\u201d]<span class=\"font-weight-l font-size-m\">Weitere Impres\u00adsio\u00adnen von der Quantum Effects 2025<\/span>[\/module_free_text]<\/p><section class=\"module module-content-swiper effect-media \">    <div class=\"module__outer\" id>        <div class=\"module__outer__inner spacebefore-none spaceafter-m indentbefore-xs indentafter-xs\">            <div class=\"module-slidex default sidenavigation\" data-opt-loop=\"true\" data-opt-autoplay data-opt-freemode=\"32000\" data-opt-navigation=\"true\" data-opt-pagination data-opt-origin data-opt-perview=\"3.25\" data-opt-duration=\"1000\" data-opt-rendermode=\"precision\" data-opt-breakpointsm=\"{&quot;slides&quot;:{&quot;perView&quot;: 1.25, &quot;spacing&quot;: 40}}\" data-opt-breakpointmd=\"{&quot;slides&quot;:{&quot;perView&quot;: 2.25, &quot;spacing&quot;: 40}}\" data-opt-breakpointlg=\"{&quot;slides&quot;:{&quot;perView&quot;: 3.25, &quot;spacing&quot;: 40}}\">                <div class=\"keen-slider\"><div class=\"slidex__slide module-content-swiper__slide\">     <div><img loading=\"lazy\" decoding=\"async\" width=\"2560\" height=\"1707\" src=\"https:\/\/www.quantumbw.de\/wp-content\/uploads\/2025\/10\/QuantumBW_Hoffmeister-Kraut_04-scaled.jpg\" class=\"module-content-swiper__slide__image align-right\" alt=\"Feierliche Er\u00f6ffnung der Quantum Effects 2025 mit Wirtschaftsministerin Dr. Nicole Hoffmeister-Kraut\" srcset=\"https:\/\/www.quantumbw.de\/wp-content\/uploads\/2025\/10\/QuantumBW_Hoffmeister-Kraut_04-scaled.jpg 2560w, https:\/\/www.quantumbw.de\/wp-content\/uploads\/2025\/10\/QuantumBW_Hoffmeister-Kraut_04-640x427.jpg 640w, https:\/\/www.quantumbw.de\/wp-content\/uploads\/2025\/10\/QuantumBW_Hoffmeister-Kraut_04-1024x683.jpg 1024w, https:\/\/www.quantumbw.de\/wp-content\/uploads\/2025\/10\/QuantumBW_Hoffmeister-Kraut_04-768x512.jpg 768w, https:\/\/www.quantumbw.de\/wp-content\/uploads\/2025\/10\/QuantumBW_Hoffmeister-Kraut_04-1536x1024.jpg 1536w, https:\/\/www.quantumbw.de\/wp-content\/uploads\/2025\/10\/QuantumBW_Hoffmeister-Kraut_04-2048x1365.jpg 2048w, https:\/\/www.quantumbw.de\/wp-content\/uploads\/2025\/10\/QuantumBW_Hoffmeister-Kraut_04-1400x933.jpg 1400w, https:\/\/www.quantumbw.de\/wp-content\/uploads\/2025\/10\/QuantumBW_Hoffmeister-Kraut_04-1920x1280.jpg 1920w\" sizes=\"auto, (max-width: 2560px) 100vw, 2560px\">     <\/div>    <figcaption class=\"module-content-swiper__slide__caption white\">\u00a9 Ludmilla Parsyak \/ Gabriel Parsyak<\/figcaption><\/div><div class=\"slidex__slide module-content-swiper__slide\">     <div><img loading=\"lazy\" decoding=\"async\" width=\"2560\" height=\"1707\" src=\"https:\/\/www.quantumbw.de\/wp-content\/uploads\/2025\/10\/quantumBW_02-scaled.jpg\" class=\"module-content-swiper__slide__image align-right\" alt=\"QuantumBW Messestand auf der Quantum-Effects 2025 vor dem Vertretende aus Politik, Industrie und Forschung stehen.\" srcset=\"https:\/\/www.quantumbw.de\/wp-content\/uploads\/2025\/10\/quantumBW_02-scaled.jpg 2560w, https:\/\/www.quantumbw.de\/wp-content\/uploads\/2025\/10\/quantumBW_02-640x427.jpg 640w, https:\/\/www.quantumbw.de\/wp-content\/uploads\/2025\/10\/quantumBW_02-1024x683.jpg 1024w, https:\/\/www.quantumbw.de\/wp-content\/uploads\/2025\/10\/quantumBW_02-768x512.jpg 768w, https:\/\/www.quantumbw.de\/wp-content\/uploads\/2025\/10\/quantumBW_02-1536x1024.jpg 1536w, https:\/\/www.quantumbw.de\/wp-content\/uploads\/2025\/10\/quantumBW_02-2048x1365.jpg 2048w, https:\/\/www.quantumbw.de\/wp-content\/uploads\/2025\/10\/quantumBW_02-1400x933.jpg 1400w, https:\/\/www.quantumbw.de\/wp-content\/uploads\/2025\/10\/quantumBW_02-1920x1280.jpg 1920w\" sizes=\"auto, (max-width: 2560px) 100vw, 2560px\">     <\/div>    <figcaption class=\"module-content-swiper__slide__caption white\">\u00a9 Ludmilla Parsyak \/ Gabriel Parsyak<\/figcaption><\/div><div class=\"slidex__slide module-content-swiper__slide\">     <div><img loading=\"lazy\" decoding=\"async\" width=\"2560\" height=\"1707\" src=\"https:\/\/www.quantumbw.de\/wp-content\/uploads\/2025\/10\/QuantumBW_01-scaled.jpg\" class=\"module-content-swiper__slide__image align-right\" alt=\"Feierliche Unterzeichnung eines Memorandums of Understanding (MoU) zwischen GENCI (Maisons du quantique) und QuantumBW.\" srcset=\"https:\/\/www.quantumbw.de\/wp-content\/uploads\/2025\/10\/QuantumBW_01-scaled.jpg 2560w, https:\/\/www.quantumbw.de\/wp-content\/uploads\/2025\/10\/QuantumBW_01-640x427.jpg 640w, https:\/\/www.quantumbw.de\/wp-content\/uploads\/2025\/10\/QuantumBW_01-1024x683.jpg 1024w, https:\/\/www.quantumbw.de\/wp-content\/uploads\/2025\/10\/QuantumBW_01-768x512.jpg 768w, https:\/\/www.quantumbw.de\/wp-content\/uploads\/2025\/10\/QuantumBW_01-1536x1024.jpg 1536w, https:\/\/www.quantumbw.de\/wp-content\/uploads\/2025\/10\/QuantumBW_01-2048x1365.jpg 2048w, https:\/\/www.quantumbw.de\/wp-content\/uploads\/2025\/10\/QuantumBW_01-1400x933.jpg 1400w, https:\/\/www.quantumbw.de\/wp-content\/uploads\/2025\/10\/QuantumBW_01-1920x1280.jpg 1920w\" sizes=\"auto, (max-width: 2560px) 100vw, 2560px\">     <\/div>    <figcaption class=\"module-content-swiper__slide__caption white\">\u00a9 Ludmilla Parsyak \/ Gabriel Parsyak<\/figcaption><\/div><div class=\"slidex__slide module-content-swiper__slide\">     <div><img loading=\"lazy\" decoding=\"async\" width=\"2560\" height=\"1707\" src=\"https:\/\/www.quantumbw.de\/wp-content\/uploads\/2025\/10\/QuantumBW_Hoffmeister-Kraut_02-scaled.jpg\" class=\"module-content-swiper__slide__image align-right\" alt=\"Wirtschaftsministerin Dr. Nicole Hoffmeister-Kraut sch\u00fcttelt Dr. Volkmar Denner die Hand\" srcset=\"https:\/\/www.quantumbw.de\/wp-content\/uploads\/2025\/10\/QuantumBW_Hoffmeister-Kraut_02-scaled.jpg 2560w, https:\/\/www.quantumbw.de\/wp-content\/uploads\/2025\/10\/QuantumBW_Hoffmeister-Kraut_02-640x427.jpg 640w, https:\/\/www.quantumbw.de\/wp-content\/uploads\/2025\/10\/QuantumBW_Hoffmeister-Kraut_02-1024x683.jpg 1024w, https:\/\/www.quantumbw.de\/wp-content\/uploads\/2025\/10\/QuantumBW_Hoffmeister-Kraut_02-768x512.jpg 768w, https:\/\/www.quantumbw.de\/wp-content\/uploads\/2025\/10\/QuantumBW_Hoffmeister-Kraut_02-1536x1024.jpg 1536w, https:\/\/www.quantumbw.de\/wp-content\/uploads\/2025\/10\/QuantumBW_Hoffmeister-Kraut_02-2048x1365.jpg 2048w, https:\/\/www.quantumbw.de\/wp-content\/uploads\/2025\/10\/QuantumBW_Hoffmeister-Kraut_02-1400x933.jpg 1400w, https:\/\/www.quantumbw.de\/wp-content\/uploads\/2025\/10\/QuantumBW_Hoffmeister-Kraut_02-1920x1280.jpg 1920w\" sizes=\"auto, (max-width: 2560px) 100vw, 2560px\">     <\/div>    <figcaption class=\"module-content-swiper__slide__caption white\">\u00a9 Ludmilla Parsyak \/ Gabriel Parsyak<\/figcaption><\/div><div class=\"slidex__slide module-content-swiper__slide\">     <div><img loading=\"lazy\" decoding=\"async\" width=\"2560\" height=\"1707\" src=\"https:\/\/www.quantumbw.de\/wp-content\/uploads\/2025\/10\/QuantumBW_03-scaled.jpg\" class=\"module-content-swiper__slide__image align-right\" alt=\"Impressionen von der Quantum Effects 2025\" srcset=\"https:\/\/www.quantumbw.de\/wp-content\/uploads\/2025\/10\/QuantumBW_03-scaled.jpg 2560w, https:\/\/www.quantumbw.de\/wp-content\/uploads\/2025\/10\/QuantumBW_03-640x427.jpg 640w, https:\/\/www.quantumbw.de\/wp-content\/uploads\/2025\/10\/QuantumBW_03-1024x683.jpg 1024w, https:\/\/www.quantumbw.de\/wp-content\/uploads\/2025\/10\/QuantumBW_03-768x512.jpg 768w, https:\/\/www.quantumbw.de\/wp-content\/uploads\/2025\/10\/QuantumBW_03-1536x1024.jpg 1536w, https:\/\/www.quantumbw.de\/wp-content\/uploads\/2025\/10\/QuantumBW_03-2048x1365.jpg 2048w, https:\/\/www.quantumbw.de\/wp-content\/uploads\/2025\/10\/QuantumBW_03-1400x933.jpg 1400w, https:\/\/www.quantumbw.de\/wp-content\/uploads\/2025\/10\/QuantumBW_03-1920x1280.jpg 1920w\" sizes=\"auto, (max-width: 2560px) 100vw, 2560px\">     <\/div>    <figcaption class=\"module-content-swiper__slide__caption white\">\u00a9 Ludmilla Parsyak \/ Gabriel Parsyak<\/figcaption><\/div><div class=\"slidex__slide module-content-swiper__slide\">     <div><img loading=\"lazy\" decoding=\"async\" width=\"2560\" height=\"1707\" src=\"https:\/\/www.quantumbw.de\/wp-content\/uploads\/2025\/10\/QuantumBW_04-scaled.jpg\" class=\"module-content-swiper__slide__image align-right\" alt=\"Die Sprecher von QuantumBW auf der Quantum Effects 2025\" srcset=\"https:\/\/www.quantumbw.de\/wp-content\/uploads\/2025\/10\/QuantumBW_04-scaled.jpg 2560w, https:\/\/www.quantumbw.de\/wp-content\/uploads\/2025\/10\/QuantumBW_04-640x427.jpg 640w, https:\/\/www.quantumbw.de\/wp-content\/uploads\/2025\/10\/QuantumBW_04-1024x683.jpg 1024w, https:\/\/www.quantumbw.de\/wp-content\/uploads\/2025\/10\/QuantumBW_04-768x512.jpg 768w, https:\/\/www.quantumbw.de\/wp-content\/uploads\/2025\/10\/QuantumBW_04-1536x1024.jpg 1536w, https:\/\/www.quantumbw.de\/wp-content\/uploads\/2025\/10\/QuantumBW_04-2048x1365.jpg 2048w, https:\/\/www.quantumbw.de\/wp-content\/uploads\/2025\/10\/QuantumBW_04-1400x933.jpg 1400w, https:\/\/www.quantumbw.de\/wp-content\/uploads\/2025\/10\/QuantumBW_04-1920x1280.jpg 1920w\" sizes=\"auto, (max-width: 2560px) 100vw, 2560px\">     <\/div>    <figcaption class=\"module-content-swiper__slide__caption white\">\u00a9 Ludmilla Parsyak \/ Gabriel Parsyak<\/figcaption><\/div>                <\/div>            <\/div>        <\/div>    <\/div><\/section>[\/vc_column][\/vc_row][vc_row][vc_column][module_free_text spacebefore=\u201cspacebefore\u2011m\u201d spaceafter=\u201cspaceafter\u2011m\u201d indentbefore=\u201cindentbefore-xs\u201d indentafter=\u201cindentafter-xs\u201d bgcolor=\u201d\u201d moduleeffect=\u201ceffect-media\u201d]\n<h2><span class=\"font-size-l font-weight-l\">Weitere Infor\u00adma\u00adtio\u00adnen<\/span><\/h2>\n<p>[\/module_free_text]<\/p><section class=\"module module-teaser-swiper effect-media \">    <div class=\"module__outer\" id>        <div class=\"module__outer__inner spacebefore-none spaceafter-m indentbefore-xs indentafter-xs\">            <div class=\"module-slidex default \" data-opt-loop=\"true\" data-opt-autoplay data-opt-freemode data-opt-navigation data-opt-pagination data-opt-origin data-opt-perview=\"3\" data-opt-duration data-opt-rendermode=\"precision\" data-opt-breakpointsm=\"{&quot;slides&quot;:{&quot;perView&quot;: 1.25, &quot;spacing&quot;: 40}}\" data-opt-breakpointmd=\"{&quot;slides&quot;:{&quot;perView&quot;: 2.25, &quot;spacing&quot;: 40}}\" data-opt-breakpointlg=\"{&quot;slides&quot;:{&quot;perView&quot;: 3, &quot;spacing&quot;: 40}}\">                <div class=\"keen-slider\"><div class=\"slidex__slide\">    <div class=\"teaser-box below\">        <a class=\"teaser-box__link\" href=\"https:\/\/www.quantumbw.de\/de\/the-laend-of-quantum-technology-home\/quantenjahr-2025\/\" target role=\"link\" aria-label=\"More about Zum Quantenjahr 2025\"><div class=\"teaser-box__link__media\"><img loading=\"lazy\" decoding=\"async\" width=\"1178\" height=\"866\" src=\"https:\/\/www.quantumbw.de\/wp-content\/uploads\/2025\/01\/QuantumBW-Roadshow-Key-Visual_V2-1.png\" class=\"teaser-box__link__media__image\" alt=\"QuantumBW Roadshow\" srcset=\"https:\/\/www.quantumbw.de\/wp-content\/uploads\/2025\/01\/QuantumBW-Roadshow-Key-Visual_V2-1.png 1178w, https:\/\/www.quantumbw.de\/wp-content\/uploads\/2025\/01\/QuantumBW-Roadshow-Key-Visual_V2-1-640x470.png 640w, https:\/\/www.quantumbw.de\/wp-content\/uploads\/2025\/01\/QuantumBW-Roadshow-Key-Visual_V2-1-1024x753.png 1024w, https:\/\/www.quantumbw.de\/wp-content\/uploads\/2025\/01\/QuantumBW-Roadshow-Key-Visual_V2-1-768x565.png 768w\" sizes=\"auto, (max-width: 1178px) 100vw, 1178px\">            <\/div>            <div class=\"teaser-box__link__details\">                <h3 class=\"teaser-box__link__details__headline    \">Zum Quanten\u00adjahr&nbsp;2025<\/h3>            <\/div>        <\/a>    <\/div><\/div><div class=\"slidex__slide\">    <div class=\"teaser-box below\">        <a class=\"teaser-box__link\" href=\"https:\/\/www.quantumbw.de\/de\/the-laend-of-quantum-technology-home\/news\/\" target=\"_blank\" role=\"link\" aria-label=\"More about Weitere News\"><div class=\"teaser-box__link__media\"><img loading=\"lazy\" decoding=\"async\" width=\"750\" height=\"500\" src=\"https:\/\/www.quantumbw.de\/wp-content\/uploads\/2024\/05\/Quantum-Effects-Key-Visual_Zuschnitt.jpg\" class=\"teaser-box__link__media__image\" alt=\"QuantumBW pr\u00e4sentiert Neuigkeiten rund um die Quantentechnologien\" srcset=\"https:\/\/www.quantumbw.de\/wp-content\/uploads\/2024\/05\/Quantum-Effects-Key-Visual_Zuschnitt.jpg 750w, https:\/\/www.quantumbw.de\/wp-content\/uploads\/2024\/05\/Quantum-Effects-Key-Visual_Zuschnitt-640x427.jpg 640w\" sizes=\"auto, (max-width: 750px) 100vw, 750px\">                <figcaption class=\"media__caption white\">\u00a9 Landesmesse Stuttgart GmbH<\/figcaption>            <\/div>            <div class=\"teaser-box__link__details\">                <h3 class=\"teaser-box__link__details__headline font-size-m font-weight-l font-color-dark \">Weitere News<\/h3>            <\/div>        <\/a>    <\/div><\/div><div class=\"slidex__slide\">    <div class=\"teaser-box below\">        <a class=\"teaser-box__link\" href=\"https:\/\/www.quantumbw.de\/de\/the-laend-of-quantum-technology-home\/events\/\" target role=\"link\" aria-label=\"More about Weitere Events\"><div class=\"teaser-box__link__media\"><img loading=\"lazy\" decoding=\"async\" width=\"2560\" height=\"1707\" src=\"https:\/\/www.quantumbw.de\/wp-content\/uploads\/2024\/05\/KCQBW_Gruppenarbeit_0-1-scaled.jpg\" class=\"teaser-box__link__media__image\" alt=\"Das Kompetenzzentrum Quantencomputing Baden-W\u00fcrttemberg (KQCBW) stellt seine Projektergebnisse am Fraunhofer IAF vor\" srcset=\"https:\/\/www.quantumbw.de\/wp-content\/uploads\/2024\/05\/KCQBW_Gruppenarbeit_0-1-scaled.jpg 2560w, https:\/\/www.quantumbw.de\/wp-content\/uploads\/2024\/05\/KCQBW_Gruppenarbeit_0-1-640x427.jpg 640w, https:\/\/www.quantumbw.de\/wp-content\/uploads\/2024\/05\/KCQBW_Gruppenarbeit_0-1-1024x683.jpg 1024w, https:\/\/www.quantumbw.de\/wp-content\/uploads\/2024\/05\/KCQBW_Gruppenarbeit_0-1-768x512.jpg 768w, https:\/\/www.quantumbw.de\/wp-content\/uploads\/2024\/05\/KCQBW_Gruppenarbeit_0-1-1536x1024.jpg 1536w, https:\/\/www.quantumbw.de\/wp-content\/uploads\/2024\/05\/KCQBW_Gruppenarbeit_0-1-2048x1365.jpg 2048w, https:\/\/www.quantumbw.de\/wp-content\/uploads\/2024\/05\/KCQBW_Gruppenarbeit_0-1-1400x933.jpg 1400w, https:\/\/www.quantumbw.de\/wp-content\/uploads\/2024\/05\/KCQBW_Gruppenarbeit_0-1-1920x1280.jpg 1920w\" sizes=\"auto, (max-width: 2560px) 100vw, 2560px\">                <figcaption class=\"media__caption white\">\u00a9 Fraunhofer IAF<\/figcaption>            <\/div>            <div class=\"teaser-box__link__details\">                <h3 class=\"teaser-box__link__details__headline    \">Weitere Events<\/h3>            <\/div>        <\/a>    <\/div><\/div>                <\/div>            <\/div>        <\/div>    <\/div><\/section>[\/vc_column][\/vc_row]\n<\/div>","protected":false},"excerpt":{"rendered":"[vc_row][vc_column][module_parallax_hero_image module_ratio=\u201cr\u201121\u20139\u201d position=\u201cmid-left\u201d spacebefore=\u201cspacebefore-none\u201d spaceafter=\u201cspaceafter\u2011m\u201d indentbefore=\u201cindentbefore-none\u201d indentafter=\u201cindentafter-none\u201d bgcolor=\u201d\u201d module_effect=\u201ceffect-media\u201d image=\u201c5264\u201d] Quantum Effects 2025&nbsp; [\/module_parallax_hero_image][\/vc_column][\/vc_row][vc_row][vc_column][module_free_text spacebefore=\u201cspacebefore-none\u201d spaceafter=\u201cspaceafter\u2011m\u201d indentbefore=\u201cindentbefore-xs\u201d indentafter=\u201cindentafter-xs\u201d bgcolor=\u201d\u201d moduleeffect=\u201ceffect-media\u201d] 10.10.25 R\u00fcckblick auf die Quantum Effects 2025 Quantum Effects 2025 \u2013 Inter\u00adna\u00adtionales Treffen der Quantenin\u00adno\u00adva\u00adtio\u00adnen&nbsp; [\/module_free_text][\/vc_column][\/vc_row][vc_row][vc_column][module_free_text spacebefore=\u201cspacebefore-none\u201d spaceafter=\u201cspaceafter\u2011m\u201d indentbefore=\u201cindentbefore-xs\u201d indentafter=\u201cindentafter-xs\u201d bgcolor=\u201d\u201d moduleeffect=\u201ceffect-media\u201d] Mit gro\u00dfer Begeis\u00adterung blicken wir bei QuantumBW auf die Quantum Effects 2025 zur\u00fcck,&nbsp;[\u2026]","protected":false},"author":14,"featured_media":5264,"comment_status":"closed","ping_status":"closed","sticky":false,"template":"","format":"standard","meta":{"_acf_changed":false,"inline_featured_image":false,"wp_typography_post_enhancements_disabled":false,"footnotes":""},"categories":[25],"tags":[],"class_list":["post-5276","post","type-post","status-publish","format-standard","has-post-thumbnail","hentry","category-news"],"acf":[],"_links":{"self":[{"href":"https:\/\/www.quantumbw.de\/de\/wp-json\/wp\/v2\/posts\/5276","targetHints":{"allow":["GET"]}}],"collection":[{"href":"https:\/\/www.quantumbw.de\/de\/wp-json\/wp\/v2\/posts"}],"about":[{"href":"https:\/\/www.quantumbw.de\/de\/wp-json\/wp\/v2\/types\/post"}],"author":[{"embeddable":true,"href":"https:\/\/www.quantumbw.de\/de\/wp-json\/wp\/v2\/users\/14"}],"replies":[{"embeddable":true,"href":"https:\/\/www.quantumbw.de\/de\/wp-json\/wp\/v2\/comments?post=5276"}],"version-history":[{"count":7,"href":"https:\/\/www.quantumbw.de\/de\/wp-json\/wp\/v2\/posts\/5276\/revisions"}],"predecessor-version":[{"id":5286,"href":"https:\/\/www.quantumbw.de\/de\/wp-json\/wp\/v2\/posts\/5276\/revisions\/5286"}],"wp:featuredmedia":[{"embeddable":true,"href":"https:\/\/www.quantumbw.de\/de\/wp-json\/wp\/v2\/media\/5264"}],"wp:attachment":[{"href":"https:\/\/www.quantumbw.de\/de\/wp-json\/wp\/v2\/media?parent=5276"}],"wp:term":[{"taxonomy":"category","embeddable":true,"href":"https:\/\/www.quantumbw.de\/de\/wp-json\/wp\/v2\/categories?post=5276"},{"taxonomy":"post_tag","embeddable":true,"href":"https:\/\/www.quantumbw.de\/de\/wp-json\/wp\/v2\/tags?post=5276"}],"curies":[{"name":"wp","href":"https:\/\/api.w.org\/{rel}","templated":true}]}}