{"id":4664,"date":"2025-03-13T09:15:52","date_gmt":"2025-03-13T08:15:52","guid":{"rendered":"https:\/\/www.quantumbw.de\/?p=4664"},"modified":"2025-03-13T14:27:01","modified_gmt":"2025-03-13T13:27:01","slug":"quantensensor-schuelerforschung","status":"publish","type":"post","link":"https:\/\/www.quantumbw.de\/de\/news\/quantensensor-schuelerforschung\/","title":{"rendered":"Quantensen\u00adsor f\u00fcr Sch\u00fcler\u00adforschung in Baden-W\u00fcrttemberg"},"content":{"rendered":"<div class=\"wpb-content-wrapper\"><p>[vc_row][vc_column][module_parallax_hero_image module_ratio=\u201cr\u201121\u20139\u201d position=\u201cbottom-left\u201d spacebefore=\u201cspacebefore-none\u201d spaceafter=\u201cspaceafter\u2011m\u201d indentbefore=\u201cindentbefore-none\u201d indentafter=\u201cindentafter-none\u201d bgcolor=\u201d\u201d module_effect=\u201ceffect-media\u201d image=\u201c4666\u201d]<\/p>\n<p class=\"paragraph\"><span class=\"font-size-l font-color-bright\"><strong>Quantensen\u00adsor f\u00fcr Sch\u00fcler\u00adforschung in Baden-W\u00fcrttemberg<\/strong><\/span><\/p>\n<p>[\/module_parallax_hero_image][\/vc_column][\/vc_row][vc_row][vc_column][module_free_text spacebefore=\u201cspacebefore\u2011m\u201d spaceafter=\u201cspaceafter\u2011m\u201d indentbefore=\u201cindentbefore-xs\u201d indentafter=\u201cindentafter-xs\u201d bgcolor=\u201d\u201d moduleeffect=\u201ceffect-media\u201d]<\/p>\n<h2 class=\"paragraph\"><span class=\"font-weight-l font-size-m font-color-dark\"><strong>25.02.2025 <\/strong> \u2013<\/span><span class=\"font-size-s\"><strong> Quantum<sup>BW<\/sup> f\u00f6rdert die Bereit\u00adstel\u00adlung eines Quantensen\u00adsors f\u00fcr die Sch\u00fclerforschung<\/strong><\/span><\/h2>\n<h1><strong>Quantensen\u00adsor f\u00fcr Sch\u00fcler\u00adforschung in Baden-W\u00fcrttemberg<\/strong><\/h1>\n<p>[\/module_free_text][\/vc_column][\/vc_row][vc_row][vc_column][module_free_text spacebefore=\u201cspacebefore-none\u201d spaceafter=\u201cspaceafter\u2011m\u201d indentbefore=\u201cindentbefore-xs\u201d indentafter=\u201cindentafter-xs\u201d bgcolor=\u201d\u201d moduleeffect=\u201ceffect-media\u201d]<\/p>\n<p class=\"paragraph\"><span class=\"font-size-m font-weight-l\"><strong>Am Sch\u00fcler\u00adforschungszen\u00adtrum S\u00fcdw\u00fcrt\u00adtem\u00adberg (SFZ) e.V. k\u00f6nnen ab sofort Sch\u00fclerin\u00adnen und Sch\u00fcler mit einem echten Quantensen\u00adsor forschen und aus erster Hand erfahren, was die vielver\u00adsprechende Technolo\u00adgie heute schon kann. M\u00f6glich gemacht wird dies durch ein Quantensen\u00adsorsys\u00adtem, das die Advanced Quantum GmbH dem SFZ leiht. Die Leihge\u00adb\u00fchr \u00fcbern\u00adimmt die Landesini\u00adtia\u00adtive f\u00fcr Quanten\u00adtechnologien Quantum<sup>BW<\/sup>. Der Kurs wird durch eine Dozentin des Deutschen Zentrums f\u00fcr Luft- und Raumfahrt (DLR) geleitet und bietet eine einzi\u00adgar\u00adtige Chance f\u00fcr die angehen\u00adden Quanten\u00adforscherin\u00adnen und \u2011forscher von morgen.<\/strong><\/span><\/p>\n<p>[\/module_free_text][\/vc_column][\/vc_row][vc_row][vc_column][module_free_text spacebefore=\u201cspacebefore-none\u201d spaceafter=\u201cspaceafter\u2011s\u201d indentbefore=\u201cindentbefore-xs\u201d indentafter=\u201cindentafter-xs\u201d bgcolor=\u201d\u201d moduleeffect=\u201ceffect-media\u201d]<\/p>\n<p class=\"paragraph\"><span class=\"font-size-s\">Am Sch\u00fcler\u00adforschungszen\u00adtrum S\u00fcdw\u00fcrt\u00adtem\u00adberg (SFZ) e.V. am Standort Ulm wird erstma\u00adlig ein Kurs zur Quanten\u00adsensorik f\u00fcr Sch\u00fclerin\u00adnen und Sch\u00fcler ab der achten Klasse angeboten. Die Dozentin Carina Kanitz, Doktorandin am Deutschen Zentrum f\u00fcr Luft- und Raumfahrt (DLR), freut sich auf die kommenden Kurse: \u201eEs ist etwas Beson\u00adderes, dass Sch\u00fclerin\u00adnen und Sch\u00fcler Zugang zu einem echten Quantensen\u00adsor haben werden. So l\u00e4sst sich das Poten\u00adzial dieser Technolo\u00adgie gut vermit\u00adteln und Begeis\u00adterung f\u00fcr eine der wichtig\u00adsten Sensortech\u00adnolo\u00adgien der Zukunft wecken.\u201c<\/span><\/p>\n<p class=\"paragraph\"><span class=\"font-size-s\">Die Bereit\u00adstel\u00adlung des Quantensen\u00adsorsys\u00adtems der Advanced Quantum GmbH wird durch Quantum<sup>BW<\/sup> unter\u00adst\u00fctzt. Es ist ein Parade\u00adbeispiel f\u00fcr das starke und einzi\u00adgar\u00adtige Quantentechnologie-\u00d6kosystem in Baden-W\u00fcrttemberg, in dem Forschung\u00adsein\u00adrich\u00adtun\u00adgen, Unternehmen und Politik gemein\u00adsam daran arbeiten, die Quanten\u00adtechnologien voranzubrin\u00adgen und die St\u00e4rken des Quanten-Standorts weiter auszubauen. \u201eDabei spielt die F\u00f6rderung von Fachkr\u00e4ften, von Exper\u00adtin\u00adnen und Experten eine entschei\u00addende Rolle. Sie wird bei uns ganzheitlich bei den Schulen begin\u00adnend gedacht,\u201c betont Dr. Alexan\u00adder Heinrich, Leiter der Gesch\u00e4fts\u00adstelle Quantum<sup>BW<\/sup>.<\/span><\/p>\n<p>[\/module_free_text][module_free_text spacebefore=\u201cspacebefore-none\u201d spaceafter=\u201cspaceafter\u2011m\u201d indentbefore=\u201cindentbefore-xs\u201d indentafter=\u201cindentafter-xs\u201d bgcolor=\u201d\u201d moduleeffect=\u201ceffect-media\u201d]<\/p>\n<p class=\"paragraph\"><span class=\"font-size-s\"><strong>Forschung mit Quantensensoren<\/strong><\/span><\/p>\n<p class=\"paragraph\"><span class=\"font-size-s\">Am SFZ- Standort in Ulm k\u00f6nnen Sch\u00fclerin\u00adnen und Sch\u00fcler in dem Kurs \u201eForschung mit Quantensen\u00adsoren\u201c mit einem echten Quantensen\u00adsor auf dem Stand der Technik arbeiten, der Magnet\u00adfelder extrem genau detek\u00adtieren kann.<\/span><\/p>\n<p class=\"paragraph\"><span class=\"font-size-s\">Das System basiert auf Farbzen\u00adtren in Diamant, die durch die gezielte Manip\u00adu\u00adla\u00adtion eines k\u00fcnstlich gewach\u00adse\u00adnen Diaman\u00adtkristalls entste\u00adhen. Im dem Sensorsys\u00adtem der Advanced Quantum GmbH wurden daf\u00fcr einzelne Kohlen\u00adstoffatome in dem Diamant durch Stick\u00adstoffatome ersetzt, wodurch sich sogenan\u00adnte Stickstoff-Fehlstellen bilden (NV-Zentren aus dem eng. \u201enitro\u00adgen vacancy\u201c). Diese NV-Zentren werden in dem Sensorsys\u00adtem mit Lasern und Mikrow\u00adellen gezielt manip\u00aduliert, wodurch sie externe physikalis\u00adche Parame\u00adter mit extremer Pr\u00e4zi\u00adsion messen und so als hochsen\u00adsi\u00adbler Quantensen\u00adsor fungieren. \u201eWir freuen uns mit unserem Quantensen\u00adsor, die F\u00f6rderung von inter\u00adessierten Schulkindern unter\u00adst\u00fctzen zu k\u00f6nnen. Wir sind \u00fcberzeugt, dass die Quanten\u00adsensorik in der Zukunft in vielen Anwen\u00addun\u00adgen eine wichtige Rolle spielen wird, daher kann man sich gar nicht fr\u00fch genug damit befassen,\u201c so Kim Demian Kafenda, Gesch\u00e4fts\u00adf\u00fchrer der Advanced Quantum GmbH.<\/span><\/p>\n<p class=\"paragraph\"><span class=\"font-size-s\">Die Quanten\u00adsensorik ist die am weitesten entwick\u00adelte Quanten\u00adtech\u00adnolo\u00adgie der zweiten Gener\u00ada\u00adtion und verspricht in vielen Anwen\u00addun\u00adgen unserer Gesellschaft zu Gute zu kommen. Mit Quantensen\u00adsoren lassen sich beispiel\u00adsweise die schwachen Signale unseres Nerven\u00adsys\u00adtems im K\u00f6rper messen, neue Naviga\u00adtion\u00adssys\u00adteme entwick\u00adeln und sie bietet v\u00f6llig neue Erken\u00adnt\u00adnisse in der Materi\u00adal\u00adpr\u00fc\u00adfung. Mehr zu den poten\u00adziellen Anwen\u00addun\u00adgen und den Vorteilen, die Quantensen\u00adsoren gegen\u00fcber herk\u00f6mm\u00adlichen Sensoren haben, k\u00f6nnen Sch\u00fclerin\u00adnen und Sch\u00fcler am SFZ ab Ende M\u00e4rz selbst erleben und aus erster Hand Einblicke in die Sensorik von morgen erhalten.<\/span><\/p>\n<p>&nbsp;<\/p>\n<p class=\"paragraph\"><span class=\"font-size-s\">Eine Anmel\u00addung zu den kosten\u00adlosen Kursen des Sch\u00fcler\u00adforschungszen\u00adtrum S\u00fcdw\u00fcrt\u00adtem\u00adberg (SFZ) e.V. ist f\u00fcr inter\u00adessierter Sch\u00fclerin\u00adnen und \u2011sch\u00fcler ab der achten Klasse unter folgen\u00addem Link m\u00f6glich:<\/span><br><span class=\"font-size-s\"><a href=\"https:\/\/sfz-bw.de\/kursprogramm-ulm_2024\/\" target=\"_blank\" rel=\"noopener\">https:\/\/sfz-bw.de\/kursprogramm-ulm_2024\/<\/a><\/span><\/p>\n<p>[\/module_free_text][module_free_text spacebefore=\u201cspacebefore-none\u201d spaceafter=\u201cspaceafter\u2011m\u201d indentbefore=\u201cindentbefore-xs\u201d indentafter=\u201cindentafter-xs\u201d bgcolor=\u201d\u201d moduleeffect=\u201ceffect-media\u201d]<\/p>\n<p class=\"paragraph\"><span class=\"font-size-x\"><em>Das SFZ ist durch das Regierung\u00adspr\u00e4\u00adsid\u00adium T\u00fcbin\u00adgen des Landes Baden-W\u00fcrttemberg als au\u00dfer\u00adschulis\u00adcher Lernort und au\u00dfer\u00adschulis\u00adches Forschungszen\u00adtrum offiziell anerkannt.<\/em><em>&nbsp;<\/em><\/span><\/p>\n<p class=\"paragraph\"><span class=\"font-size-x\"><em>Quantum<sup>BW<\/sup> wird gemein\u00adsam von den Minis\u00adte\u00adrien f\u00fcr Wissen\u00adschaft, Forschung und Kunst sowie Wirtschaft, Arbeit und Touris\u00admus Baden-W\u00fcrttemberg gef\u00f6rdert.<\/em><\/span><\/p>\n<p class=\"paragraph\"><span class=\"font-size-x\"><em>Die Verwen\u00addung der Fotos ist ausschlie\u00dflich im Zusam\u00admen\u00adhang mit dieser Pressemit\u00adteilung und unter Angabe des Copyrights gestattet.<\/em><\/span><\/p>\n<p>[\/module_free_text][\/vc_column][\/vc_row][vc_row][vc_column][module_free_text spacebefore=\u201cspacebefore\u2011m\u201d spaceafter=\u201cspaceafter\u2011m\u201d indentbefore=\u201cindentbefore-xs\u201d indentafter=\u201cindentafter-xs\u201d bgcolor=\u201d\u201d moduleeffect=\u201ceffect-media\u201d]<\/p>\n<h2><span class=\"font-size-l font-weight-l\">Weitere Infor\u00adma\u00adtio\u00adnen<\/span><\/h2>\n<p>[\/module_free_text]<\/p><section class=\"module module-teaser-swiper effect-media \">    <div class=\"module__outer\" id>        <div class=\"module__outer__inner spacebefore-none spaceafter-m indentbefore-xs indentafter-xs\">            <div class=\"module-slidex default \" data-opt-loop=\"true\" data-opt-autoplay data-opt-freemode data-opt-navigation data-opt-pagination data-opt-origin data-opt-perview=\"3\" data-opt-duration data-opt-rendermode=\"precision\" data-opt-breakpointsm=\"{&quot;slides&quot;:{&quot;perView&quot;: 1.25, &quot;spacing&quot;: 40}}\" data-opt-breakpointmd=\"{&quot;slides&quot;:{&quot;perView&quot;: 2.25, &quot;spacing&quot;: 40}}\" data-opt-breakpointlg=\"{&quot;slides&quot;:{&quot;perView&quot;: 3, &quot;spacing&quot;: 40}}\">                <div class=\"keen-slider\"><div class=\"slidex__slide\">    <div class=\"teaser-box below\">        <a class=\"teaser-box__link\" href=\"https:\/\/sfz-bw.de\/kursprogramm-ulm_2024\/\" target=\"_blank\" role=\"link\" aria-label=\"More about Zur Anmeldung f\u00fcr Schulkinder\"><div class=\"teaser-box__link__media\"><img loading=\"lazy\" decoding=\"async\" width=\"1920\" height=\"2006\" src=\"https:\/\/www.quantumbw.de\/wp-content\/uploads\/2025\/03\/2025-03_Sensoruebergabe-SFZ_web-e1741697782184.jpg\" class=\"teaser-box__link__media__image\" alt=\"Ein Herr und eine junge Dame bei der \u00dcBergabe eines Quantensensors der Firma Advanced Quantum an das Sch\u00fclerforschungszentrum S\u00fcdw\u00fcrttemberg\" srcset=\"https:\/\/www.quantumbw.de\/wp-content\/uploads\/2025\/03\/2025-03_Sensoruebergabe-SFZ_web-e1741697782184.jpg 1920w, https:\/\/www.quantumbw.de\/wp-content\/uploads\/2025\/03\/2025-03_Sensoruebergabe-SFZ_web-e1741697782184-613x640.jpg 613w, https:\/\/www.quantumbw.de\/wp-content\/uploads\/2025\/03\/2025-03_Sensoruebergabe-SFZ_web-e1741697782184-980x1024.jpg 980w, https:\/\/www.quantumbw.de\/wp-content\/uploads\/2025\/03\/2025-03_Sensoruebergabe-SFZ_web-e1741697782184-768x802.jpg 768w, https:\/\/www.quantumbw.de\/wp-content\/uploads\/2025\/03\/2025-03_Sensoruebergabe-SFZ_web-e1741697782184-1470x1536.jpg 1470w, https:\/\/www.quantumbw.de\/wp-content\/uploads\/2025\/03\/2025-03_Sensoruebergabe-SFZ_web-e1741697782184-1340x1400.jpg 1340w, https:\/\/www.quantumbw.de\/wp-content\/uploads\/2025\/03\/2025-03_Sensoruebergabe-SFZ_web-e1741697782184-1838x1920.jpg 1838w\" sizes=\"auto, (max-width: 1920px) 100vw, 1920px\">                <figcaption class=\"media__caption white\">DLR<\/figcaption>            <\/div>            <div class=\"teaser-box__link__details\">                <h3 class=\"teaser-box__link__details__headline font-size-m font-weight-l font-color-dark \">Zur Anmel\u00addung f\u00fcr Schulkinder<\/h3>            <\/div>        <\/a>    <\/div><\/div><div class=\"slidex__slide\">    <div class=\"teaser-box below\">        <a class=\"teaser-box__link\" href=\"https:\/\/www.quantumbw.de\/de\/the-laend-of-quantum-technology-home\/news\/\" target=\"_blank\" role=\"link\" aria-label=\"More about Weitere News\"><div class=\"teaser-box__link__media\"><img loading=\"lazy\" decoding=\"async\" width=\"750\" height=\"500\" src=\"https:\/\/www.quantumbw.de\/wp-content\/uploads\/2024\/05\/Quantum-Effects-Key-Visual_Zuschnitt.jpg\" class=\"teaser-box__link__media__image\" alt=\"QuantumBW pr\u00e4sentiert Neuigkeiten rund um die Quantentechnologien\" srcset=\"https:\/\/www.quantumbw.de\/wp-content\/uploads\/2024\/05\/Quantum-Effects-Key-Visual_Zuschnitt.jpg 750w, https:\/\/www.quantumbw.de\/wp-content\/uploads\/2024\/05\/Quantum-Effects-Key-Visual_Zuschnitt-640x427.jpg 640w\" sizes=\"auto, (max-width: 750px) 100vw, 750px\">                <figcaption class=\"media__caption white\">\u00a9 Landesmesse Stuttgart GmbH<\/figcaption>            <\/div>            <div class=\"teaser-box__link__details\">                <h3 class=\"teaser-box__link__details__headline font-size-m font-weight-l font-color-dark \">Weitere News<\/h3>            <\/div>        <\/a>    <\/div><\/div><div class=\"slidex__slide\">    <div class=\"teaser-box below\">        <a class=\"teaser-box__link\" href=\"https:\/\/www.quantumbw.de\/de\/the-laend-of-quantum-technology-home\/events\/\" target=\"_blank\" role=\"link\" aria-label=\"More about Weitere Events\"><div class=\"teaser-box__link__media\"><img loading=\"lazy\" decoding=\"async\" width=\"2560\" height=\"1707\" src=\"https:\/\/www.quantumbw.de\/wp-content\/uploads\/2024\/05\/KCQBW_Gruppenarbeit_0-1-scaled.jpg\" class=\"teaser-box__link__media__image\" alt=\"Das Kompetenzzentrum Quantencomputing Baden-W\u00fcrttemberg (KQCBW) stellt seine Projektergebnisse am Fraunhofer IAF vor\" srcset=\"https:\/\/www.quantumbw.de\/wp-content\/uploads\/2024\/05\/KCQBW_Gruppenarbeit_0-1-scaled.jpg 2560w, https:\/\/www.quantumbw.de\/wp-content\/uploads\/2024\/05\/KCQBW_Gruppenarbeit_0-1-640x427.jpg 640w, https:\/\/www.quantumbw.de\/wp-content\/uploads\/2024\/05\/KCQBW_Gruppenarbeit_0-1-1024x683.jpg 1024w, https:\/\/www.quantumbw.de\/wp-content\/uploads\/2024\/05\/KCQBW_Gruppenarbeit_0-1-768x512.jpg 768w, https:\/\/www.quantumbw.de\/wp-content\/uploads\/2024\/05\/KCQBW_Gruppenarbeit_0-1-1536x1024.jpg 1536w, https:\/\/www.quantumbw.de\/wp-content\/uploads\/2024\/05\/KCQBW_Gruppenarbeit_0-1-2048x1365.jpg 2048w, https:\/\/www.quantumbw.de\/wp-content\/uploads\/2024\/05\/KCQBW_Gruppenarbeit_0-1-1400x933.jpg 1400w, https:\/\/www.quantumbw.de\/wp-content\/uploads\/2024\/05\/KCQBW_Gruppenarbeit_0-1-1920x1280.jpg 1920w\" sizes=\"auto, (max-width: 2560px) 100vw, 2560px\">                <figcaption class=\"media__caption white\">\u00a9 Fraunhofer IAF<\/figcaption>            <\/div>            <div class=\"teaser-box__link__details\">                <h3 class=\"teaser-box__link__details__headline font-size-m font-weight-l font-color-dark \">Weitere Events<\/h3>            <\/div>        <\/a>    <\/div><\/div>                <\/div>            <\/div>        <\/div>    <\/div><\/section>[\/vc_column][\/vc_row]\n<\/div>","protected":false},"excerpt":{"rendered":"[vc_row][vc_column][module_parallax_hero_image module_ratio=\u201cr\u201121\u20139\u201d position=\u201cbottom-left\u201d spacebefore=\u201cspacebefore-none\u201d spaceafter=\u201cspaceafter\u2011m\u201d indentbefore=\u201cindentbefore-none\u201d indentafter=\u201cindentafter-none\u201d bgcolor=\u201d\u201d module_effect=\u201ceffect-media\u201d image=\u201c4666\u201d] Quantensen\u00adsor f\u00fcr Sch\u00fcler\u00adforschung in Baden-W\u00fcrttemberg [\/module_parallax_hero_image][\/vc_column][\/vc_row][vc_row][vc_column][module_free_text spacebefore=\u201cspacebefore\u2011m\u201d spaceafter=\u201cspaceafter\u2011m\u201d indentbefore=\u201cindentbefore-xs\u201d indentafter=\u201cindentafter-xs\u201d bgcolor=\u201d\u201d moduleeffect=\u201ceffect-media\u201d] 25.02.2025 \u2013 QuantumBW f\u00f6rdert die Bereit\u00adstel\u00adlung eines Quantensen\u00adsors f\u00fcr die Sch\u00fcler\u00adforschung Quantensen\u00adsor f\u00fcr Sch\u00fcler\u00adforschung in Baden-W\u00fcrttemberg [\/module_free_text][\/vc_column][\/vc_row][vc_row][vc_column][module_free_text spacebefore=\u201cspacebefore-none\u201d spaceafter=\u201cspaceafter\u2011m\u201d indentbefore=\u201cindentbefore-xs\u201d indentafter=\u201cindentafter-xs\u201d bgcolor=\u201d\u201d moduleeffect=\u201ceffect-media\u201d] Am Sch\u00fcler\u00adforschungszen\u00adtrum S\u00fcdw\u00fcrt\u00adtem\u00adberg (SFZ) e.V. k\u00f6nnen ab sofort Sch\u00fclerin\u00adnen&nbsp;und&nbsp;[\u2026]","protected":false},"author":14,"featured_media":4666,"comment_status":"closed","ping_status":"closed","sticky":false,"template":"","format":"standard","meta":{"_acf_changed":false,"inline_featured_image":false,"wp_typography_post_enhancements_disabled":false,"footnotes":""},"categories":[25],"tags":[],"class_list":["post-4664","post","type-post","status-publish","format-standard","has-post-thumbnail","hentry","category-news"],"acf":[],"_links":{"self":[{"href":"https:\/\/www.quantumbw.de\/de\/wp-json\/wp\/v2\/posts\/4664","targetHints":{"allow":["GET"]}}],"collection":[{"href":"https:\/\/www.quantumbw.de\/de\/wp-json\/wp\/v2\/posts"}],"about":[{"href":"https:\/\/www.quantumbw.de\/de\/wp-json\/wp\/v2\/types\/post"}],"author":[{"embeddable":true,"href":"https:\/\/www.quantumbw.de\/de\/wp-json\/wp\/v2\/users\/14"}],"replies":[{"embeddable":true,"href":"https:\/\/www.quantumbw.de\/de\/wp-json\/wp\/v2\/comments?post=4664"}],"version-history":[{"count":9,"href":"https:\/\/www.quantumbw.de\/de\/wp-json\/wp\/v2\/posts\/4664\/revisions"}],"predecessor-version":[{"id":4683,"href":"https:\/\/www.quantumbw.de\/de\/wp-json\/wp\/v2\/posts\/4664\/revisions\/4683"}],"wp:featuredmedia":[{"embeddable":true,"href":"https:\/\/www.quantumbw.de\/de\/wp-json\/wp\/v2\/media\/4666"}],"wp:attachment":[{"href":"https:\/\/www.quantumbw.de\/de\/wp-json\/wp\/v2\/media?parent=4664"}],"wp:term":[{"taxonomy":"category","embeddable":true,"href":"https:\/\/www.quantumbw.de\/de\/wp-json\/wp\/v2\/categories?post=4664"},{"taxonomy":"post_tag","embeddable":true,"href":"https:\/\/www.quantumbw.de\/de\/wp-json\/wp\/v2\/tags?post=4664"}],"curies":[{"name":"wp","href":"https:\/\/api.w.org\/{rel}","templated":true}]}}