{"id":4442,"date":"2025-01-31T09:37:51","date_gmt":"2025-01-31T08:37:51","guid":{"rendered":"https:\/\/www.quantumbw.de\/?p=4442"},"modified":"2025-01-31T13:20:25","modified_gmt":"2025-01-31T12:20:25","slug":"eroeffnung-zweier-quantenkommunikations-teststrecken","status":"publish","type":"post","link":"https:\/\/www.quantumbw.de\/de\/news\/eroeffnung-zweier-quantenkommunikations-teststrecken\/","title":{"rendered":"Pionier\u00adforschung in Baden-W\u00fcrttemberg: Er\u00f6ff\u00adnung von zwei Quantenkommunikations-Teststrecken"},"content":{"rendered":"<div class=\"wpb-content-wrapper\"><p>[vc_row][vc_column][module_parallax_hero_image module_ratio=\u201cr\u201121\u20139\u201d position=\u201cbottom-left\u201d spacebefore=\u201cspacebefore-none\u201d spaceafter=\u201cspaceafter\u2011m\u201d indentbefore=\u201cindentbefore-none\u201d indentafter=\u201cindentafter-none\u201d bgcolor=\u201d\u201d module_effect=\u201ceffect-media\u201d image=\u201c4428\u201d]<span class=\"font-size-l font-color-bright\"><strong> Er\u00f6ff\u00adnung von zwei Quantenkommunikations-Teststrecken in Karlsruhe und Ulm<\/strong><\/span>[\/module_parallax_hero_image][\/vc_column][\/vc_row][vc_row][vc_column][module_free_text spacebefore=\u201cspacebefore\u2011m\u201d spaceafter=\u201cspaceafter\u2011m\u201d indentbefore=\u201cindentbefore-xs\u201d indentafter=\u201cindentafter-xs\u201d bgcolor=\u201d\u201d moduleeffect=\u201ceffect-media\u201d]<\/p>\n<h2 class=\"paragraph\"><span class=\"font-weight-l font-size-m font-color-dark\">27.01.2025 \u2013<\/span><span class=\"font-size-s\"><strong> Pionier\u00adforschung in Baden-W\u00fcrttemberg<\/strong><\/span><\/h2>\n<h1><strong>Er\u00f6ff\u00adnung von zwei Quantenkommunikations-Teststrecken<\/strong><\/h1>\n<p>[\/module_free_text][\/vc_column][\/vc_row][vc_row][vc_column][module_free_text spacebefore=\u201cspacebefore-none\u201d spaceafter=\u201cspaceafter\u2011m\u201d indentbefore=\u201cindentbefore-xs\u201d indentafter=\u201cindentafter-xs\u201d bgcolor=\u201d\u201d moduleeffect=\u201ceffect-media\u201d]<\/p>\n<p class=\"paragraph\"><span class=\"font-weight-l font-size-m\"><strong>Baden-W\u00fcrttemberg position\u00adiert sich als f\u00fchren\u00adder Standort Deutsch\u00adlands f\u00fcr Quantenkom\u00admu\u00adnika\u00adtion\u00adstech\u00adnolo\u00adgien. Mit der Er\u00f6ff\u00adnung zweier bedeu\u00adten\u00adder Teststrecken in Karlsruhe und Ulm wird ein entschei\u00adden\u00adder Schritt zur Erschlie\u00dfung der Poten\u00adziale von Quantenkom\u00admu\u00adnika\u00adtion und Quanten\u00adnet\u00adzw\u00aderken unter\u00adnom\u00admen<\/strong>.<\/span><\/p>\n<p>[\/module_free_text][\/vc_column][\/vc_row][vc_row][vc_column][module_freetext_image column_order=\u201ctext-left\u201d space_between_cols=\u201cm\u201d image_width=\u201cm\u201d image_tint=\u201d\u201d caption=\u201cRGllJTIwR2xhc2Zhc2VyLVRlc3RzdHJlY2tlJTIwc3RlbGx0JTIwZWluZSUyMHdpY2h0aWdlJTIwUGxhdHRmb3JtJTIwZiVDMyVCQ3IlMjBkaWUlMjBRdWFudGVuZm9yc2NodW5nJTIwZGFyJTIwdW5kJTIwdmVyYmluZGV0JTIwQ2FtcHVzJTIwUyVDMyVCQ2QlMjB1bmQlMjBDYW1wdXMlMjBOb3JkJTIwYW0lMjBLSVQuJTIwJTI4Q29weXJpZ2h0JTNBJTIwS0lUJTI5\u201d spacebefore=\u201cspacebefore-none\u201d spaceafter=\u201cspaceafter\u2011m\u201d indentbefore=\u201cindentbefore-xs\u201d indentafter=\u201cindentafter-xs\u201d bgcolor=\u201d\u201d module_effect=\u201ceffect-media\u201d image=\u201c4440\u201d]<\/p>\n<p class=\"paragraph\"><span class=\"font-size-s\">Am Karlsruher Insti\u00adtut f\u00fcr Technolo\u00adgie (KIT) wurde am 22.01.2025 eine 20 Kilome\u00adter lange Glasfaser-Teststrecke er\u00f6ffnet, die speziell ausges\u00adtat\u00adtete Labore am Campus S\u00fcd und Campus Nord verbindet. Diese Strecke erm\u00f6glicht Forschen\u00adden die Entwick\u00adlung und Erprobung von Quanten\u00adschl\u00fcs\u00adselverteilung\u00adstech\u00adnolo\u00adgien, die auf physikalis\u00adchen Geset\u00adzen basieren und somit eine abh\u00f6r\u00adsichere Kommu\u00adnika\u00adtion gew\u00e4hrleis\u00adten. Die Teststrecke ist eine zentrale Infra\u00adstruk\u00adtur der Exzellenzcluster-Initiative \u201eChem4Quant\u201c und unter\u00adst\u00fctzt die Erforschung von Quanten-Repeatern, die f\u00fcr den Aufbau eines k\u00fcnfti\u00adgen Quanten\u00adin\u00adter\u00adnets unerl\u00e4sslich sind.<\/span><\/p>\n<p>[\/module_freetext_image][module_freetext_image column_order=\u201ctext-left\u201d space_between_cols=\u201cm\u201d image_width=\u201cm\u201d image_tint=\u201d\u201d caption=\u201cTWl0d2lya2VuZGUlMjB1bmQlMjBHJUMzJUE0c3RlJTIwZGVyJTIwVm9yZiVDMyVCQ2hydW5nJTIwZGVyJTIwUXVhbnR1bSUyMEtleSUyMERpc3RyaWJ1dGlvbi1UZXN0c3RyZWNrZSUyMCUyOEZvdG8lM0ElMjBFbHZpcmElMjBFYmVyaGFyZHQlMjAlMkYlMjBVbmklMjBVbG0lMjk=\u201d spacebefore=\u201cspacebefore-none\u201d spaceafter=\u201cspaceafter\u2011m\u201d indentbefore=\u201cindentbefore-xs\u201d indentafter=\u201cindentafter-xs\u201d bgcolor=\u201d\u201d module_effect=\u201ceffect-media\u201d image=\u201c4430\u201d]<\/p>\n<p class=\"paragraph\"><span class=\"font-size-s\">Gleichzeitig hat die Univer\u00adsit\u00e4t Ulm in Zusam\u00adme\u00adnar\u00adbeit mit dem Deutschen Zentrum f\u00fcr Luft- und Raumfahrt (DLR) am 27.02.2025 eine 2,5 Kilome\u00adter lange Quantum Key Distribution-Strecke in Betrieb genom\u00admen. Diese Strecke, die als erste in Baden-W\u00fcrttemberg zwischen einer Univer\u00adsit\u00e4t und einer au\u00dferuni\u00adver\u00adsit\u00e4ren Einrich\u00adtung verl\u00e4uft, erm\u00f6glicht die sichere \u00dcbertra\u00adgung von Infor\u00adma\u00adtio\u00adnen mit Quanten\u00adschl\u00fcs\u00adseln. Das Projekt profi\u00adtiert von der Exper\u00adtise des DLR in optis\u00adcher Kommu\u00adnika\u00adtion und Quanten\u00adcomputing und stellt einen bedeu\u00adten\u00adden Schritt zur praktis\u00adchen Anwen\u00addung quanten\u00adbasierter Verschl\u00fcs\u00adselung\u00adstech\u00adniken&nbsp;dar.<\/span><\/p>\n<p>[\/module_freetext_image][\/vc_column][\/vc_row][vc_row][vc_column][module_free_text spacebefore=\u201cspacebefore-none\u201d spaceafter=\u201cspaceafter\u2011m\u201d indentbefore=\u201cindentbefore-xs\u201d indentafter=\u201cindentafter-xs\u201d bgcolor=\u201d\u201d moduleeffect=\u201ceffect-media\u201d]<\/p>\n<p class=\"paragraph\"><span class=\"font-size-s\">Beide Teststrecken sind integrale Bestandteile der Innova\u00adtion\u00adsstrate\u00adgie der Landesini\u00adtia\u00adtive Quantum<sup>BW<\/sup>. Durch die geplante Verbindung der Teststrecken \u00fcber die Univer\u00adsit\u00e4t Stuttgart wird ein landesweites Netzw\u00aderk geschaf\u00adfen, das die Quanten\u00adrevolution in Baden-W\u00fcrttemberg vorantreibt. Diese strate\u00adgis\u00adche Entwick\u00adlung st\u00e4rkt die Region als f\u00fchren\u00adden Standort f\u00fcr Quanten\u00adforschung und \u2011anwen\u00addun\u00adgen und tr\u00e4gt dazu bei, die Sicher\u00adheit in Bereichen wie Medizin, Finanzen und Politik zu erh\u00f6hen.<\/span><\/p>\n<p class=\"paragraph\"><span class=\"font-size-s\">Mit diesen Initia\u00adtiven unter\u00adstre\u00adicht Baden-W\u00fcrttemberg seine Rolle als Vorre\u00aditer in der Quantenkom\u00admu\u00adnika\u00adtion und bietet Forschen\u00adden eine einzi\u00adgar\u00adtige Plattform zur Erforschung und Entwick\u00adlung zukun\u00adftsweisender Quantentechnologien.<\/span><\/p>\n<p>[\/module_free_text][\/vc_column][\/vc_row][vc_row][vc_column][module_free_text spacebefore=\u201cspacebefore\u2011m\u201d spaceafter=\u201cspaceafter\u2011m\u201d indentbefore=\u201cindentbefore-xs\u201d indentafter=\u201cindentafter-xs\u201d bgcolor=\u201d\u201d moduleeffect=\u201ceffect-media\u201d]<\/p>\n<h2><span class=\"font-size-l font-weight-l\">Weitere Infor\u00adma\u00adtio\u00adnen<\/span><\/h2>\n<p>[\/module_free_text]<\/p><section class=\"module module-teaser-swiper effect-media \">    <div class=\"module__outer\" id>        <div class=\"module__outer__inner spacebefore-none spaceafter-m indentbefore-xs indentafter-xs\">            <div class=\"module-slidex default \" data-opt-loop=\"true\" data-opt-autoplay data-opt-freemode data-opt-navigation data-opt-pagination data-opt-origin data-opt-perview=\"3\" data-opt-duration data-opt-rendermode=\"precision\" data-opt-breakpointsm=\"{&quot;slides&quot;:{&quot;perView&quot;: 1.25, &quot;spacing&quot;: 40}}\" data-opt-breakpointmd=\"{&quot;slides&quot;:{&quot;perView&quot;: 2.25, &quot;spacing&quot;: 40}}\" data-opt-breakpointlg=\"{&quot;slides&quot;:{&quot;perView&quot;: 3, &quot;spacing&quot;: 40}}\">                <div class=\"keen-slider\"><div class=\"slidex__slide\">    <div class=\"teaser-box below\">        <a class=\"teaser-box__link\" href=\"https:\/\/www.uni-ulm.de\/nawi\/naturwissenschaften\/nawi-detailseiten\/news-detail\/article\/abhoersichere-kommunikation-dank-quantenverschluesselungerfolgreicher-startschuss-fuer-teststrecke-auf-dem-oberen-eselsberg\/\" target=\"_blank\" role=\"link\" aria-label=\"More about Zur Pressemitteilung der Universit\u00e4t Ulm\"><div class=\"teaser-box__link__media\"><img loading=\"lazy\" decoding=\"async\" width=\"1920\" height=\"1280\" src=\"https:\/\/www.quantumbw.de\/wp-content\/uploads\/2025\/01\/Quanten-Komm-Strecke_Copyright-Elvira-Eberhardt-Uni-Ulm_web.jpg\" class=\"teaser-box__link__media__image\" alt=\"Quantenkommunikation-Teststrecke Ulm\" srcset=\"https:\/\/www.quantumbw.de\/wp-content\/uploads\/2025\/01\/Quanten-Komm-Strecke_Copyright-Elvira-Eberhardt-Uni-Ulm_web.jpg 1920w, https:\/\/www.quantumbw.de\/wp-content\/uploads\/2025\/01\/Quanten-Komm-Strecke_Copyright-Elvira-Eberhardt-Uni-Ulm_web-640x427.jpg 640w, https:\/\/www.quantumbw.de\/wp-content\/uploads\/2025\/01\/Quanten-Komm-Strecke_Copyright-Elvira-Eberhardt-Uni-Ulm_web-1024x683.jpg 1024w, https:\/\/www.quantumbw.de\/wp-content\/uploads\/2025\/01\/Quanten-Komm-Strecke_Copyright-Elvira-Eberhardt-Uni-Ulm_web-768x512.jpg 768w, https:\/\/www.quantumbw.de\/wp-content\/uploads\/2025\/01\/Quanten-Komm-Strecke_Copyright-Elvira-Eberhardt-Uni-Ulm_web-1536x1024.jpg 1536w, https:\/\/www.quantumbw.de\/wp-content\/uploads\/2025\/01\/Quanten-Komm-Strecke_Copyright-Elvira-Eberhardt-Uni-Ulm_web-1400x933.jpg 1400w\" sizes=\"auto, (max-width: 1920px) 100vw, 1920px\">                <figcaption class=\"media__caption white\">Elvira Eberhardt | Uni&nbsp;Ulm<\/figcaption>            <\/div>            <div class=\"teaser-box__link__details\">                <h3 class=\"teaser-box__link__details__headline font-size-m font-weight-l font-color-dark \">Zur Pressemit\u00adteilung der Univer\u00adsit\u00e4t&nbsp;Ulm<\/h3>            <\/div>        <\/a>    <\/div><\/div><div class=\"slidex__slide\">    <div class=\"teaser-box below\">        <a class=\"teaser-box__link\" href=\"https:\/\/www.dlr.de\/de\/aktuelles\/nachrichten\/2025\/start-fuer-abhoersichere-quantenkommunikation-in-ulm\" target=\"_blank\" role=\"link\" aria-label=\"More about Zur Pressemitteilung des DLR\"><div class=\"teaser-box__link__media\"><img loading=\"lazy\" decoding=\"async\" width=\"1920\" height=\"1280\" src=\"https:\/\/www.quantumbw.de\/wp-content\/uploads\/2025\/01\/Quanten-Komm-Strecke_Gruppenbild_Copyright-Elvira-Eberhardt-Uni-Ulm_web.jpg\" class=\"teaser-box__link__media__image\" alt=\"Mitwirkende und G\u00e4ste der Vorf\u00fchrung der Quantum Key Distribution-Teststrecke\" srcset=\"https:\/\/www.quantumbw.de\/wp-content\/uploads\/2025\/01\/Quanten-Komm-Strecke_Gruppenbild_Copyright-Elvira-Eberhardt-Uni-Ulm_web.jpg 1920w, https:\/\/www.quantumbw.de\/wp-content\/uploads\/2025\/01\/Quanten-Komm-Strecke_Gruppenbild_Copyright-Elvira-Eberhardt-Uni-Ulm_web-640x427.jpg 640w, https:\/\/www.quantumbw.de\/wp-content\/uploads\/2025\/01\/Quanten-Komm-Strecke_Gruppenbild_Copyright-Elvira-Eberhardt-Uni-Ulm_web-1024x683.jpg 1024w, https:\/\/www.quantumbw.de\/wp-content\/uploads\/2025\/01\/Quanten-Komm-Strecke_Gruppenbild_Copyright-Elvira-Eberhardt-Uni-Ulm_web-768x512.jpg 768w, https:\/\/www.quantumbw.de\/wp-content\/uploads\/2025\/01\/Quanten-Komm-Strecke_Gruppenbild_Copyright-Elvira-Eberhardt-Uni-Ulm_web-1536x1024.jpg 1536w, https:\/\/www.quantumbw.de\/wp-content\/uploads\/2025\/01\/Quanten-Komm-Strecke_Gruppenbild_Copyright-Elvira-Eberhardt-Uni-Ulm_web-1400x933.jpg 1400w\" sizes=\"auto, (max-width: 1920px) 100vw, 1920px\">                <figcaption class=\"media__caption white\">Elvira Eberhardt | Uni&nbsp;Ulm<\/figcaption>            <\/div>            <div class=\"teaser-box__link__details\">                <h3 class=\"teaser-box__link__details__headline font-size-m font-weight-l font-color-dark \">Zur Pressemit\u00adteilung des&nbsp;DLR<\/h3>            <\/div>        <\/a>    <\/div><\/div><div class=\"slidex__slide\">    <div class=\"teaser-box below\">        <a class=\"teaser-box__link\" href=\"https:\/\/www.kit.edu\/kit\/pi_2025_003_quantennetzwerk-fuer-eine-sichere-kommunikation.php\" target=\"_blank\" role=\"link\" aria-label=\"More about Zur Pressemitteilung des KIT\"><div class=\"teaser-box__link__media\"><img loading=\"lazy\" decoding=\"async\" width=\"600\" height=\"338\" src=\"https:\/\/www.quantumbw.de\/wp-content\/uploads\/2025\/01\/2025_003_Quantennetzwerk-fuer-eine-sichere-Kommunikation_Grafik_neu_600.jpg\" class=\"teaser-box__link__media__image\" alt=\"Glasfaser-Teststrecke am KIT\">                <figcaption class=\"media__caption white\">KIT<\/figcaption>            <\/div>            <div class=\"teaser-box__link__details\">                <h3 class=\"teaser-box__link__details__headline font-size-m font-weight-l font-color-dark \">Zur Pressemit\u00adteilung des&nbsp;KIT<\/h3>            <\/div>        <\/a>    <\/div><\/div>                <\/div>            <\/div>        <\/div>    <\/div><\/section>[\/vc_column][\/vc_row]\n<\/div>","protected":false},"excerpt":{"rendered":"[vc_row][vc_column][module_parallax_hero_image module_ratio=\u201cr\u201121\u20139\u201d position=\u201cbottom-left\u201d spacebefore=\u201cspacebefore-none\u201d spaceafter=\u201cspaceafter\u2011m\u201d indentbefore=\u201cindentbefore-none\u201d indentafter=\u201cindentafter-none\u201d bgcolor=\u201d\u201d module_effect=\u201ceffect-media\u201d image=\u201c4428\u201d] Er\u00f6ff\u00adnung von zwei Quantenkommunikations-Teststrecken in Karlsruhe und Ulm[\/module_parallax_hero_image][\/vc_column][\/vc_row][vc_row][vc_column][module_free_text spacebefore=\u201cspacebefore\u2011m\u201d spaceafter=\u201cspaceafter\u2011m\u201d indentbefore=\u201cindentbefore-xs\u201d indentafter=\u201cindentafter-xs\u201d bgcolor=\u201d\u201d moduleeffect=\u201ceffect-media\u201d] 27.01.2025 \u2013 Pionier\u00adforschung in Baden-W\u00fcrttemberg Er\u00f6ff\u00adnung von zwei Quantenkommunikations-Teststrecken [\/module_free_text][\/vc_column][\/vc_row][vc_row][vc_column][module_free_text spacebefore=\u201cspacebefore-none\u201d spaceafter=\u201cspaceafter\u2011m\u201d indentbefore=\u201cindentbefore-xs\u201d indentafter=\u201cindentafter-xs\u201d bgcolor=\u201d\u201d moduleeffect=\u201ceffect-media\u201d] Baden-W\u00fcrttemberg position\u00adiert sich als f\u00fchren\u00adder Standort Deutsch\u00adlands f\u00fcr Quantenkom\u00admu\u00adnika\u00adtion\u00adstech\u00adnolo\u00adgien. Mit der Er\u00f6ff\u00adnung zweier bedeu\u00adten\u00adder Teststrecken&nbsp;[\u2026]","protected":false},"author":14,"featured_media":4428,"comment_status":"closed","ping_status":"closed","sticky":false,"template":"","format":"standard","meta":{"_acf_changed":false,"inline_featured_image":false,"wp_typography_post_enhancements_disabled":false,"footnotes":""},"categories":[25],"tags":[],"class_list":["post-4442","post","type-post","status-publish","format-standard","has-post-thumbnail","hentry","category-news"],"acf":[],"_links":{"self":[{"href":"https:\/\/www.quantumbw.de\/de\/wp-json\/wp\/v2\/posts\/4442","targetHints":{"allow":["GET"]}}],"collection":[{"href":"https:\/\/www.quantumbw.de\/de\/wp-json\/wp\/v2\/posts"}],"about":[{"href":"https:\/\/www.quantumbw.de\/de\/wp-json\/wp\/v2\/types\/post"}],"author":[{"embeddable":true,"href":"https:\/\/www.quantumbw.de\/de\/wp-json\/wp\/v2\/users\/14"}],"replies":[{"embeddable":true,"href":"https:\/\/www.quantumbw.de\/de\/wp-json\/wp\/v2\/comments?post=4442"}],"version-history":[{"count":5,"href":"https:\/\/www.quantumbw.de\/de\/wp-json\/wp\/v2\/posts\/4442\/revisions"}],"predecessor-version":[{"id":4452,"href":"https:\/\/www.quantumbw.de\/de\/wp-json\/wp\/v2\/posts\/4442\/revisions\/4452"}],"wp:featuredmedia":[{"embeddable":true,"href":"https:\/\/www.quantumbw.de\/de\/wp-json\/wp\/v2\/media\/4428"}],"wp:attachment":[{"href":"https:\/\/www.quantumbw.de\/de\/wp-json\/wp\/v2\/media?parent=4442"}],"wp:term":[{"taxonomy":"category","embeddable":true,"href":"https:\/\/www.quantumbw.de\/de\/wp-json\/wp\/v2\/categories?post=4442"},{"taxonomy":"post_tag","embeddable":true,"href":"https:\/\/www.quantumbw.de\/de\/wp-json\/wp\/v2\/tags?post=4442"}],"curies":[{"name":"wp","href":"https:\/\/api.w.org\/{rel}","templated":true}]}}