{"id":3779,"date":"2024-09-09T11:13:20","date_gmt":"2024-09-09T09:13:20","guid":{"rendered":"https:\/\/www.quantumbw.de\/?p=3779"},"modified":"2024-09-09T11:13:20","modified_gmt":"2024-09-09T09:13:20","slug":"enbw-quantumbw-netzwerk","status":"publish","type":"post","link":"https:\/\/www.quantumbw.de\/de\/news\/enbw-quantumbw-netzwerk\/","title":{"rendered":"Neu im Quantum<sup>BW<\/sup>-Netzw\u00aderk: EnBW&nbsp;AG"},"content":{"rendered":"<div class=\"wpb-content-wrapper\"><p>[vc_row][vc_column][module_parallax_hero_image module_ratio=\u201cr\u201121\u20139\u201d position=\u201cbottom-left\u201d spacebefore=\u201cspacebefore-none\u201d spaceafter=\u201cspaceafter\u2011m\u201d indentbefore=\u201cindentbefore-none\u201d indentafter=\u201cindentafter-none\u201d bgcolor=\u201d\u201d module_effect=\u201ceffect-media\u201d image=\u201c3793\u201d]<span class=\"font-color-bright font-size-xl font-weight-l\"><strong>Neu im Quantum<sup>BW<\/sup>-Netzw\u00aderk: EnBW AG<\/strong><\/span>[\/module_parallax_hero_image][\/vc_column][\/vc_row][vc_row][vc_column][module_free_text spacebefore=\u201cspacebefore\u2011m\u201d spaceafter=\u201cspaceafter\u2011m\u201d indentbefore=\u201cindentbefore-xs\u201d indentafter=\u201cindentafter-xs\u201d bgcolor=\u201d\u201d moduleeffect=\u201ceffect-media\u201d]<\/p>\n<h2 class=\"paragraph\"><span class=\"font-weight-l font-size-m font-color-dark\">9.9.2024 \u2013 <strong>Zuwachs im Quantum<sup>BW<\/sup>-\u00d6kosys\u00adtem<\/strong><\/span><\/h2>\n<h1><span class=\"font-weight-l font-size-xl\"><strong>Neu im Quantum<sup>BW<\/sup>-Netzw\u00aderk: EnBW&nbsp;AG<\/strong><\/span><\/h1>\n<p>[\/module_free_text][\/vc_column][\/vc_row][vc_row][vc_column][module_free_text spacebefore=\u201cspacebefore-none\u201d spaceafter=\u201cspaceafter\u2011m\u201d indentbefore=\u201cindentbefore-xs\u201d indentafter=\u201cindentafter-xs\u201d bgcolor=\u201d\u201d moduleeffect=\u201ceffect-media\u201d]<\/p>\n<p class=\"paragraph\"><span class=\"font-weight-l font-size-m\">Eines der gr\u00f6\u00dften Energie\u00adun\u00adternehmen in Deutsch\u00adland und Europa, die EnBW AG <\/span><span class=\"font-weight-l font-size-m\">tritt Quantum<sup>BW<\/sup> bei. Mit einem inter\u00addiszi\u00adplin\u00e4ren Ansatz baut die EnBW das Wissen f\u00fcr Marktchan\u00adcen auf, die sich aus zuk\u00fcn\u00adfti\u00adgen Entwick\u00adlun\u00adgen des Quanten\u00adcomputing im Energiesys\u00adtem ergeben.<\/span><\/p>\n<p>[\/module_free_text][\/vc_column][\/vc_row][vc_row][vc_column][module_freetext_image column_order=\u201ctext-left\u201d space_between_cols=\u201cm\u201d image_width=\u201cm\u201d image_tint=\u201d\u201d caption=\u201cRHIuJTIwRGVuaXMlMjBIZXNzJTJDJTIwTGVhZCUyMFNjaWVudGlzdCUyMHVuZCUyMElULU1hbmFnZXIlMjBRdWFudHVtY29tcHV0aW5n\u201d spacebefore=\u201cspacebefore-none\u201d spaceafter=\u201cspaceafter\u2011m\u201d indentbefore=\u201cindentbefore-xs\u201d indentafter=\u201cindentafter-xs\u201d bgcolor=\u201d\u201d module_effect=\u201ceffect-media\u201d image=\u201c3820\u201d]<\/p>\n<p><span class=\"font-size-s\">Das Quantum<sup>BW<\/sup>-Netzw\u00aderk w\u00e4chst und wir hei\u00dfen unseren Neuzu\u00adgang die EnBW AG herzlich willkom\u00admen! Als eines der gr\u00f6\u00dften Energie\u00adun\u00adternehmen Deutsch\u00adlands und Europas verfolgt EnBW die Entwick\u00adlun\u00adgen im Quanten\u00adcomputing aufmerk\u00adsam und mit einem inter\u00addiszi\u00adplin\u00e4ren Ansatz, um das disrup\u00adtive Poten\u00adzial der Technolo\u00adgie fr\u00fchzeitig f\u00fcr verschiedene Use Cases im Energiesek\u00adtor zu identi\u00adfizieren. Die praktis\u00adchen Erfahrun\u00adgen, Anwen\u00addungs\u00adf\u00e4lle und Anforderun\u00adgen aus der Energiebranche sind ein wertvoller Beitrag, um den Trans\u00adfer des Quanten\u00adcom\u00adput\u00adings in die Anwen\u00addung zu beschle\u00adu\u00adni\u00adgen. Wir freuen uns auf die gemein\u00adsame Zusam\u00adme\u00adnar\u00adbeit in unserem Quantum<sup>BW<\/sup>-\u00d6kosys\u00adtem.<\/span><\/p>\n<p>[\/module_freetext_image][\/vc_column][\/vc_row][vc_row][vc_column][module_quote_image column_order=\u201ctext-left\u201d space_between_cols=\u201cm\u201d image_tint=\u201d\u201d quote=\u201cRGFzJTIwTmV0endlcmslMjBRdWFudHVtJTNDc3VwJTNFQlclM0MlMkZzdXAlM0UlMjBiaWV0ZXQlMjBkdXJjaCUyMEtvb3BlcmF0aW9uZW4lMjBlaW5lJTIwZ3JvJUMzJTlGZSUyMENoYW5jZSUyMGYlQzMlQkNyJTIwZGllJTIwRW5CVyUyQyUyMG1laHIlMjAlQzMlQkNiZXIlMjBRdWFudGVuY29tcHV0aW5nJTIwenUlMjBsZXJuZW4lMjB1bmQlMjBnZW1laW5zYW0lMjBpbm5vdmF0aXZlJTIwdW5kJTIwaW5kdXN0cmllbmFoZSUyMFByb2pla3RlJTIwdm9yYW56dXRyZWliZW4lMkMlMjBkaWUlMjBkaWUlMjBadWt1bmZ0JTIwZGVyJTIwRW5lcmdpZXZlcnNvcmd1bmclMjBuYWNoaGFsdGlnJTIwZ2VzdGFsdGVuJTIwayVDMyVCNm5uZW4u\u201d quote_styling=\u201ctrue\u201d quote_font_size=\u201cfont-size\u2011m\u201d quote_font_weight=\u201d\u201d quote_font_color=\u201cfont-color-dark\u201d author=\u201cJTNDYiUzRURyLiUyMEtsZW1lbnMlMjBIYWFzJTNDJTJGYiUzRSUyMCUwQSUzQ2JyJTNFUHJvamVrdGxlaXRlciUyMEZvcnNjaHVuZyUyMHVuZCUyMEVudHdpY2tsdW5n\u201d author_styling=\u201ctrue\u201d author_font_size=\u201cfont-size\u2011s\u201d author_font_weight=\u201d\u201d author_font_color=\u201cfont-color-dark\u201d spacebefore=\u201cspacebefore-none\u201d spaceafter=\u201cspaceafter\u2011m\u201d indentbefore=\u201cindentbefore-xs\u201d indentafter=\u201cindentafter-xs\u201d bgcolor=\u201d\u201d module_effect=\u201ceffect-media\u201d image=\u201c3785\u201d][\/vc_column][\/vc_row][vc_row][vc_column][module_free_text spacebefore=\u201cspacebefore-none\u201d spaceafter=\u201cspaceafter\u2011m\u201d indentbefore=\u201cindentbefore-xs\u201d indentafter=\u201cindentafter-xs\u201d bgcolor=\u201d\u201d moduleeffect=\u201ceffect-media\u201d]<\/p>\n<h3><span class=\"font-weight-l\"><strong>\u00dcber EnBW Energie Baden-W\u00fcrttemberg AG<\/strong><\/span><\/h3>\n<p class=\"paragraph\"><span class=\"font-size-s\">Mit \u00fcber 28.000 Mitarbeiter*innen ist die EnBW eines der gr\u00f6\u00dften Energie\u00adun\u00adternehmen in Deutsch\u00adland und Europa. Sie versorgt rund 5,5 Millio\u00adnen Kund*innen mit Strom, Gas, Wasser sowie Dienstleis\u00adtun\u00adgen und Produk\u00adten in den Bereichen Infra\u00adstruk\u00adtur und Energie. Im Zuge der Neuaus\u00adrich\u00adtung vom klassis\u00adchen Energiev\u00ader\u00adsorger zum nachhalti\u00adgen Infra\u00adstruk\u00adtu\u00adrun\u00adternehmen sind der Ausbau der erneuer\u00adbaren Energien sowie der Verteil- und Trans\u00adport\u00adnetze f\u00fcr Strom und Gas Eckpfeiler der EnBW-Wachstumsstrategie und Schwer\u00adpunkt der Investi\u00adtio\u00adnen. Bis 2030 plant die EnBW 40 Milliar\u00adden Euro brutto zu investieren, rund 90 Prozent davon in Deutsch\u00adland. Bereits Ende 2025 soll \u00fcber die H\u00e4lfte des EnBW-Erzeugungsportfolios aus erneuer\u00adbaren Energien beste\u00adhen, bis Ende 2028 wird der Ausstieg aus der Kohle angestrebt. Dies sind zentrale Meilen\u00adsteine auf dem Weg zur Klima\u00adneu\u00adtral\u00adit\u00e4t des Unternehmens im Jahr&nbsp;2035.<\/span><\/p>\n<p>[\/module_free_text][module_free_text spacebefore=\u201cspacebefore\u2011m\u201d spaceafter=\u201cspaceafter\u2011m\u201d indentbefore=\u201cindentbefore-xs\u201d indentafter=\u201cindentafter-xs\u201d bgcolor=\u201d\u201d moduleeffect=\u201ceffect-media\u201d]<\/p>\n<h2><span class=\"font-size-l font-weight-l\">Weitere Infor\u00adma\u00adtio\u00adnen<\/span><\/h2>\n<p>[\/module_free_text]<\/p><section class=\"module module-teaser-swiper effect-media \">    <div class=\"module__outer\" id>        <div class=\"module__outer__inner spacebefore-none spaceafter-m indentbefore-xs indentafter-xs\">            <div class=\"module-slidex default \" data-opt-loop=\"true\" data-opt-autoplay data-opt-freemode data-opt-navigation data-opt-pagination data-opt-origin data-opt-perview=\"3\" data-opt-duration data-opt-rendermode=\"precision\" data-opt-breakpointsm=\"{&quot;slides&quot;:{&quot;perView&quot;: 1.25, &quot;spacing&quot;: 40}}\" data-opt-breakpointmd=\"{&quot;slides&quot;:{&quot;perView&quot;: 2.25, &quot;spacing&quot;: 40}}\" data-opt-breakpointlg=\"{&quot;slides&quot;:{&quot;perView&quot;: 3, &quot;spacing&quot;: 40}}\">                <div class=\"keen-slider\"><div class=\"slidex__slide\">    <div class=\"teaser-box below\">        <a class=\"teaser-box__link\" href=\"http:\/\/www.enbw.com\" target=\"_blank\" role=\"link\" aria-label=\"More about Mehr \u00fcber EnBW\"><div class=\"teaser-box__link__media\"><img loading=\"lazy\" decoding=\"async\" width=\"1200\" height=\"1200\" src=\"https:\/\/www.quantumbw.de\/wp-content\/uploads\/2024\/09\/EnBW-Logo.png\" class=\"teaser-box__link__media__image\" alt=\"Logo von EnBW\" srcset=\"https:\/\/www.quantumbw.de\/wp-content\/uploads\/2024\/09\/EnBW-Logo.png 1200w, https:\/\/www.quantumbw.de\/wp-content\/uploads\/2024\/09\/EnBW-Logo-640x640.png 640w, https:\/\/www.quantumbw.de\/wp-content\/uploads\/2024\/09\/EnBW-Logo-1024x1024.png 1024w, https:\/\/www.quantumbw.de\/wp-content\/uploads\/2024\/09\/EnBW-Logo-480x480.png 480w, https:\/\/www.quantumbw.de\/wp-content\/uploads\/2024\/09\/EnBW-Logo-768x768.png 768w\" sizes=\"auto, (max-width: 1200px) 100vw, 1200px\">            <\/div>            <div class=\"teaser-box__link__details\">                <h3 class=\"teaser-box__link__details__headline font-size-m font-weight-l font-color-dark \">Mehr \u00fcber&nbsp;EnBW<\/h3>            <\/div>        <\/a>    <\/div><\/div><div class=\"slidex__slide\">    <div class=\"teaser-box below\">        <a class=\"teaser-box__link\" href=\"https:\/\/www.quantumbw.de\/de\/the-laend-of-quantum-technology-home\/news\/\" target=\"_blank\" role=\"link\" aria-label=\"More about Weitere News\"><div class=\"teaser-box__link__media\"><img loading=\"lazy\" decoding=\"async\" width=\"950\" height=\"500\" src=\"https:\/\/www.quantumbw.de\/wp-content\/uploads\/2023\/07\/Quantum-Effects-Key-Visual.png\" class=\"teaser-box__link__media__image\" alt=\"Die Quantum Effects als Fachmesse und Konferenz f\u00fcr Quantentechnologien findet erstmalig am 10. und 11. Oktober 2023 auf der Messe Stuttgart statt.\" srcset=\"https:\/\/www.quantumbw.de\/wp-content\/uploads\/2023\/07\/Quantum-Effects-Key-Visual.png 950w, https:\/\/www.quantumbw.de\/wp-content\/uploads\/2023\/07\/Quantum-Effects-Key-Visual-640x337.png 640w, https:\/\/www.quantumbw.de\/wp-content\/uploads\/2023\/07\/Quantum-Effects-Key-Visual-768x404.png 768w\" sizes=\"auto, (max-width: 950px) 100vw, 950px\">                <figcaption class=\"media__caption white\">\u00a9 Landesmesse Stuttgart GmbH<\/figcaption>            <\/div>            <div class=\"teaser-box__link__details\">                <h3 class=\"teaser-box__link__details__headline font-size-m font-weight-l font-color-dark \">Weitere News<\/h3>            <\/div>        <\/a>    <\/div><\/div><div class=\"slidex__slide\">    <div class=\"teaser-box below\">        <a class=\"teaser-box__link\" href=\"https:\/\/www.quantumbw.de\/de\/the-laend-of-quantum-technology-home\/partner\/\" target=\"_blank\" role=\"link\" aria-label=\"More about Alle Partner\"><div class=\"teaser-box__link__media\"><img loading=\"lazy\" decoding=\"async\" width=\"1024\" height=\"683\" src=\"https:\/\/www.quantumbw.de\/wp-content\/uploads\/2023\/10\/13_Quantum-Effects-2023_web.jpg\" class=\"teaser-box__link__media__image\" alt=\"Model of a nitrogen-vacancy center in a diamond lattice\" srcset=\"https:\/\/www.quantumbw.de\/wp-content\/uploads\/2023\/10\/13_Quantum-Effects-2023_web.jpg 1024w, https:\/\/www.quantumbw.de\/wp-content\/uploads\/2023\/10\/13_Quantum-Effects-2023_web-640x427.jpg 640w, https:\/\/www.quantumbw.de\/wp-content\/uploads\/2023\/10\/13_Quantum-Effects-2023_web-768x512.jpg 768w\" sizes=\"auto, (max-width: 1024px) 100vw, 1024px\">                <figcaption class=\"media__caption white\">\u00a9 Ludmilla Parsyak | Fraunhofer IAO<\/figcaption>            <\/div>            <div class=\"teaser-box__link__details\">                <h3 class=\"teaser-box__link__details__headline font-size-m font-weight-l font-color-dark \">Alle Partner<\/h3>            <\/div>        <\/a>    <\/div><\/div>                <\/div>            <\/div>        <\/div>    <\/div><\/section>[\/vc_column][\/vc_row]\n<\/div>","protected":false},"excerpt":{"rendered":"[vc_row][vc_column][module_parallax_hero_image module_ratio=\u201cr\u201121\u20139\u201d position=\u201cbottom-left\u201d spacebefore=\u201cspacebefore-none\u201d spaceafter=\u201cspaceafter\u2011m\u201d indentbefore=\u201cindentbefore-none\u201d indentafter=\u201cindentafter-none\u201d bgcolor=\u201d\u201d module_effect=\u201ceffect-media\u201d image=\u201c3793\u201d]Neu im QuantumBW-Netzw\u00aderk: EnBW AG[\/module_parallax_hero_image][\/vc_column][\/vc_row][vc_row][vc_column][module_free_text spacebefore=\u201cspacebefore\u2011m\u201d spaceafter=\u201cspaceafter\u2011m\u201d indentbefore=\u201cindentbefore-xs\u201d indentafter=\u201cindentafter-xs\u201d bgcolor=\u201d\u201d moduleeffect=\u201ceffect-media\u201d] 9.9.2024 \u2013 Zuwachs im QuantumBW-\u00d6kosys\u00adtem Neu im QuantumBW-Netzw\u00aderk: EnBW&nbsp;AG [\/module_free_text][\/vc_column][\/vc_row][vc_row][vc_column][module_free_text spacebefore=\u201cspacebefore-none\u201d spaceafter=\u201cspaceafter\u2011m\u201d indentbefore=\u201cindentbefore-xs\u201d indentafter=\u201cindentafter-xs\u201d bgcolor=\u201d\u201d moduleeffect=\u201ceffect-media\u201d] Eines der gr\u00f6\u00dften Energie\u00adun\u00adternehmen in Deutsch\u00adland und Europa, die EnBW AG tritt QuantumBW bei. Mit einem inter\u00addiszi\u00adplin\u00e4ren Ansatz baut&nbsp;[\u2026]","protected":false},"author":6,"featured_media":3782,"comment_status":"closed","ping_status":"closed","sticky":false,"template":"","format":"standard","meta":{"_acf_changed":false,"inline_featured_image":false,"wp_typography_post_enhancements_disabled":false,"footnotes":""},"categories":[25],"tags":[],"class_list":["post-3779","post","type-post","status-publish","format-standard","has-post-thumbnail","hentry","category-news"],"acf":[],"_links":{"self":[{"href":"https:\/\/www.quantumbw.de\/de\/wp-json\/wp\/v2\/posts\/3779","targetHints":{"allow":["GET"]}}],"collection":[{"href":"https:\/\/www.quantumbw.de\/de\/wp-json\/wp\/v2\/posts"}],"about":[{"href":"https:\/\/www.quantumbw.de\/de\/wp-json\/wp\/v2\/types\/post"}],"author":[{"embeddable":true,"href":"https:\/\/www.quantumbw.de\/de\/wp-json\/wp\/v2\/users\/6"}],"replies":[{"embeddable":true,"href":"https:\/\/www.quantumbw.de\/de\/wp-json\/wp\/v2\/comments?post=3779"}],"version-history":[{"count":5,"href":"https:\/\/www.quantumbw.de\/de\/wp-json\/wp\/v2\/posts\/3779\/revisions"}],"predecessor-version":[{"id":3822,"href":"https:\/\/www.quantumbw.de\/de\/wp-json\/wp\/v2\/posts\/3779\/revisions\/3822"}],"wp:featuredmedia":[{"embeddable":true,"href":"https:\/\/www.quantumbw.de\/de\/wp-json\/wp\/v2\/media\/3782"}],"wp:attachment":[{"href":"https:\/\/www.quantumbw.de\/de\/wp-json\/wp\/v2\/media?parent=3779"}],"wp:term":[{"taxonomy":"category","embeddable":true,"href":"https:\/\/www.quantumbw.de\/de\/wp-json\/wp\/v2\/categories?post=3779"},{"taxonomy":"post_tag","embeddable":true,"href":"https:\/\/www.quantumbw.de\/de\/wp-json\/wp\/v2\/tags?post=3779"}],"curies":[{"name":"wp","href":"https:\/\/api.w.org\/{rel}","templated":true}]}}