{"id":3232,"date":"2024-06-19T16:20:27","date_gmt":"2024-06-19T14:20:27","guid":{"rendered":"https:\/\/www.quantumbw.de\/?p=3232"},"modified":"2024-06-19T16:28:33","modified_gmt":"2024-06-19T14:28:33","slug":"petra-olschowski-besucht-uni-ulm","status":"publish","type":"post","link":"https:\/\/www.quantumbw.de\/de\/news\/petra-olschowski-besucht-uni-ulm\/","title":{"rendered":"Wissenschaftsmin\u00adis\u00adterin Petra Olschowski besucht Uni&nbsp;Ulm"},"content":{"rendered":"<div class=\"wpb-content-wrapper\"><p>[vc_row][vc_column][module_parallax_hero_image module_ratio=\u201cr\u201121\u20139\u201d position=\u201cbottom-left\u201d spacebefore=\u201cspacebefore-none\u201d spaceafter=\u201cspaceafter\u2011m\u201d indentbefore=\u201cindentbefore-none\u201d indentafter=\u201cindentafter-none\u201d bgcolor=\u201d\u201d module_effect=\u201ceffect-media\u201d image=\u201c3233\u201d]<\/p>\n<p class=\"paragraph\"><span class=\"font-weight-l font-color-bright font-size-xl\">Wissenschaftsmin\u00adis\u00adterin Petra Olschowski besucht Univer\u00adsit\u00e4t&nbsp;Ulm<\/span><\/p>\n<p>[\/module_parallax_hero_image][\/vc_column][\/vc_row][vc_row][vc_column][module_free_text spacebefore=\u201cspacebefore-none\u201d spaceafter=\u201cspaceafter\u2011m\u201d indentbefore=\u201cindentbefore-xs\u201d indentafter=\u201cindentafter-xs\u201d bgcolor=\u201d\u201d moduleeffect=\u201ceffect-media\u201d]<\/p>\n<h2 class=\"paragraph\"><span class=\"font-weight-l font-size-m font-color-dark\">7.6.2024, Pressemit\u00adteilung der Univer\u00adsit\u00e4t&nbsp;Ulm<\/span><\/h2>\n<h1><span class=\"font-weight-l font-size-xl font-color-dark\">Wissenschaftsmin\u00adis\u00adterin Petra Olschowski besucht Univer\u00adsit\u00e4t&nbsp;Ulm<\/span><\/h1>\n<p>[\/module_free_text][\/vc_column][\/vc_row][vc_row][vc_column][module_free_text spacebefore=\u201cspacebefore-none\u201d spaceafter=\u201cspaceafter\u2011m\u201d indentbefore=\u201cindentbefore-xs\u201d indentafter=\u201cindentafter-xs\u201d bgcolor=\u201d\u201d moduleeffect=\u201ceffect-media\u201d]<span class=\"font-weight-l font-size-m\">Magne\u00adtres\u00ado\u00adnanz\u00adto\u00admo\u00adgrafie oder GPS-Navigation beruhen auf quanten\u00admech\u00ada\u00adnis\u00adchen Funktio\u00adnen. Doch die Quanten\u00admechanik soll in Zukunft auch abh\u00f6r\u00adsichere Kommu\u00adnika\u00adtion und hochsen\u00adsi\u00adble Sensoren erm\u00f6glichen. Quanten\u00adcom\u00adputer k\u00f6nnten bei Simula\u00adtio\u00adnen oder bei der person\u00adal\u00adisierten Medika\u00admente\u00adnen\u00adtwick\u00adlung helfen. Von der zentralen Rolle der Univer\u00adsit\u00e4t Ulm in der Pionier\u00adforschung zur Quanten\u00adwis\u00adsenschaft hat sich Wissenschaftsmin\u00adis\u00adterin Petra Olschowski bei einem Besuch am Donner\u00adstag, 6. Juni, informiert.<\/span>[\/module_free_text][\/vc_column][\/vc_row][vc_row][vc_column][module_free_text spacebefore=\u201cspacebefore-none\u201d spaceafter=\u201cspaceafter\u2011m\u201d indentbefore=\u201cindentbefore-xs\u201d indentafter=\u201cindentafter-xs\u201d bgcolor=\u201d\u201d moduleeffect=\u201ceffect-media\u201d]<\/p>\n<p class=\"paragraph\"><span class=\"font-size-s\">Begr\u00fc\u00dft wurde die Landesmin\u00adis\u00adterin von Profes\u00adsor Joachim Anker\u00adhold, dem Sprecher des landesweiten Innova\u00adtion\u00adscam\u00adpus zu Quanten\u00adtechnologien&nbsp;<a href=\"http:\/\/www.quantumbw.de\/\" target=\"_blank\" rel=\"noopener noreferrer\">Quantum<sup>BW<\/sup><\/a>&nbsp;und Leiter des&nbsp;<a href=\"https:\/\/www.uni-ulm.de\/nawi\/institute-for-complex-quantum-systems\/welcome\/\" target=\"_blank\" rel=\"noopener\">Insti\u00adtuts f\u00fcr Komplexe Quanten\u00adsys\u00adteme<\/a>&nbsp;der Uni Ulm. Er stellte Forschungsvorhaben am Ulmer Standort und deren Einbet\u00adtung in Quantum<sup>BW<\/sup>&nbsp;vor und disku\u00adtierte mit der Wissenschaftsmin\u00adis\u00adterin aktuelle Heraus\u00adforderun\u00adgen. Dabei pr\u00e4sen\u00adtierte er auch verschiedene Aktiv\u00adit\u00e4ten, mit denen das Forschungs\u00adfeld der Quanten\u00adwis\u00adsenschaften in die \u00d6ffentlichkeit getra\u00adgen werden soll \u2013 vom Sch\u00fcler\u00adla\u00adbor bis zum Science Slam. \u201eWir freuen uns, der Minis\u00adterin die umfan\u00adgre\u00adichen Aktiv\u00adit\u00e4ten im Quanten\u00adbere\u00adich auf dem Campus vorstellen zu k\u00f6nnen, die integraler Bestandteil des neuen Innova\u00adtion\u00adscam\u00adpus sind. Die gro\u00dfz\u00fcgige und langfristig angelegte F\u00f6rderung durch das Land sind gerade f\u00fcr diese noch junge Technolo\u00adgie mit hohem Innova\u00adtionspoten\u00adzial ganz entschei\u00addend\u201c, so Profes\u00adsor Ankerhold.<\/span><\/p>\n<p><span class=\"font-size-s\">Wissenschaftsmin\u00adis\u00adterin Petra Olschowski zeigte sich beein\u00addruckt von den Forschungst\u00e4tigkeiten der Wissenschaft\u00adlerin\u00adnen und Wissenschaftler im Bereich der quanten\u00adphysikalis\u00adchen Ph\u00e4nomene. \u201eAls Gr\u00fcndungsmit\u00adglied der Landesini\u00adtia\u00adtive Quantum<sup>BW<\/sup> treibt die Univer\u00adsit\u00e4t Ulm die Quanten\u00adtech\u00adnolo\u00adgie voran \u2013 von der Grund\u00adla\u00adgen\u00adforschung bis in Anwen\u00addungs\u00adbere\u00adiche wie Quantum Comput\u00ading, medizinis\u00adche Bildge\u00adbung oder Sensorik. Dadurch st\u00e4rken die inter\u00addiszi\u00adplin\u00e4r Forschen\u00adden Baden-W\u00fcrttembergs hervor\u00adra\u00adgende Position in diesem Innova\u00adtions\u00adfeld. <\/span><span class=\"font-size-s\">Zwischen Theorie und Praxis entste\u00adhen zudem optimale Bedin\u00adgun\u00adgen f\u00fcr die Nachwuchs\u00adf\u00f6rderung: Im neuen Ulmer Master\u00adstu\u00addi\u00aden\u00adgang \u201aQuantum Engineer\u00ading\u2018 werden die gefragten Fach- und F\u00fchrungskr\u00e4fte von morgen ausge\u00adbildet \u2013 f\u00fcr Wissen\u00adschaft, Wirtschaft und die Innova\u00adtion\u00adskraft im Land. Im Wissenschaftsmin\u00adis\u00adterium verfol\u00adgen wir gespannt die zweite Quanten\u00adrevolution, zu der unser Innova\u00adtion\u00adscam\u00adpus Quantum<sup>BW<\/sup>&nbsp;ma\u00dfge\u00adblich beitra\u00adgen kann. Wir unter\u00adst\u00fctzen diese Zukun\u00adfts\u00adforschung nach Kr\u00e4ften\u201c, so Petra Olschowski.<\/span>[\/module_freetext_image][\/vc_column][\/vc_row][vc_row][vc_column][module_freetext_image column_order=\u201ctext-left\u201d space_between_cols=\u201cm\u201d image_width=\u201cs\u201d image_tint=\u201d\u201d caption=\u201cV2lzc2Vuc2NoYWZ0c21pbmlzdGVyaW4lMjBQZXRyYSUyME9sc2Nob3dza2klMjAlMjgyLiUyMHYuJTIwci4lMjklMjBpbmZvcm1pZXJ0JTIwc2ljaCUyMHp1c2FtbWVuJTIwbWl0JTIwUHJvZi4lMjBKb2FjaGltJTIwQW5rZXJob2xkJTJDJTIwU3ByZWNoZXIlMjB2b24lMjBRdWFudHVtQlclMjAlMjgzLiUyMHYuJTIwbC4lMjklMkMlMjBpbSUyMExhYm9yJTIwdm9uJTIwUHJvZi4lMjBGZWRvciUyMEplbGV6a28lMjAlMjhsLiUyOSUyMCVDMyVCQ2JlciUyMFF1YW50ZW5zZW5zb3Jpay4lMjAlQzIlQTklMjBVbml2ZXJzaXQlQzMlQTR0JTIwVWxtJTIwJTdDJTIwRGFuaWVsYSUyMFN0YW5n\u201d spacebefore=\u201cspacebefore-none\u201d spaceafter=\u201cspaceafter\u2011m\u201d indentbefore=\u201cindentbefore-xs\u201d indentafter=\u201cindentafter-xs\u201d bgcolor=\u201d\u201d module_effect=\u201ceffect-media\u201d image=\u201c3235\u201d]<\/p>\n<h3><span class=\"font-weight-l font-size-m\">Forschende setzten auf die Manip\u00adu\u00adla\u00adtion klein\u00adster Teilchen in k\u00fcnstlichen Diamanten<\/span><\/h3>\n<p><span class=\"font-size-s\">Anschlie\u00dfend besichtigte die Wissenschaftsmin\u00adis\u00adterin ein Labor im Zentrum f\u00fcr Quanten-Biowissenschaften (ZQB), in dem den Forschen\u00adden eine ma\u00dfgeschnei\u00adderte Infra\u00adstruk\u00adtur zur Verf\u00fc\u00adgung steht. Das ZQB (Manag\u00ading Direc\u00adtor Profes\u00adsor Martin Plenio) dient als zentrale Infra\u00adstruk\u00adtur in Baden-W\u00fcrttemberg, um Quanten\u00adef\u00adfekte in hochkom\u00adplexen Syste\u00admen zu verste\u00adhen und neue Formen der Sensor- und Bildge\u00adbung\u00adstech\u00adnik zu entwickeln.&nbsp;<\/span><\/p>\n<p><span class=\"font-size-s\">Im Anschluss tauschte sich die Wissenschaftsmin\u00adis\u00adterin mit drei Physik-Studierenden vom Bache\u00adlorstudium bis zur Promo\u00adtion aus und warb f\u00fcr ein Studium der MINT-F\u00e4cher. Aus- und Weiter\u00adbil\u00addung von wissenschaftlichen Nachwuchs- und Fachkr\u00e4ften f\u00fcr Wissen\u00adschaft und Wirtschaft ist eines der zentralen Handlungs\u00adfelder von Quantum<sup>BW<\/sup>.<\/span>[\/module_freetext_image][\/vc_column][\/vc_row][vc_row][vc_column][module_free_text spacebefore=\u201cspacebefore\u2011m\u201d spaceafter=\u201cspaceafter\u2011m\u201d indentbefore=\u201cindentbefore-xs\u201d indentafter=\u201cindentafter-xs\u201d bgcolor=\u201d\u201d moduleeffect=\u201ceffect-media\u201d]<\/p>\n<h2><span class=\"font-size-l font-weight-l\">Weitere Infor\u00adma\u00adtio\u00adnen<\/span><\/h2>\n<p>[\/module_free_text]<\/p><section class=\"module module-teaser-swiper effect-media \">    <div class=\"module__outer\" id>        <div class=\"module__outer__inner spacebefore-none spaceafter-m indentbefore-xs indentafter-xs\">            <div class=\"module-slidex default \" data-opt-loop=\"true\" data-opt-autoplay data-opt-freemode data-opt-navigation data-opt-pagination data-opt-origin data-opt-perview=\"3\" data-opt-duration data-opt-rendermode=\"precision\" data-opt-breakpointsm=\"{&quot;slides&quot;:{&quot;perView&quot;: 1.25, &quot;spacing&quot;: 40}}\" data-opt-breakpointmd=\"{&quot;slides&quot;:{&quot;perView&quot;: 2.25, &quot;spacing&quot;: 40}}\" data-opt-breakpointlg=\"{&quot;slides&quot;:{&quot;perView&quot;: 3, &quot;spacing&quot;: 40}}\">                <div class=\"keen-slider\"><div class=\"slidex__slide\">    <div class=\"teaser-box below\">        <a class=\"teaser-box__link\" href=\"https:\/\/www.quantumbw.de\/de\/the-laend-of-quantum-technology-home\/ueber-quantumbw\/\" target=\"_blank\" role=\"link\" aria-label=\"More about Mehr \u00fcber Quantum<sup>BW<\/sup>\"><div class=\"teaser-box__link__media\"><img loading=\"lazy\" decoding=\"async\" width=\"1920\" height=\"1280\" src=\"https:\/\/www.quantumbw.de\/wp-content\/uploads\/2024\/06\/300-mm-Kryogener-Wafer-Prober_breit_web.jpg\" class=\"teaser-box__link__media__image\" alt=\"Kryostat eines kryogenen Wafer-Probers f\u00fcr die Charakterisierung von Festk\u00f6rper-Qubits bei 2 K\" srcset=\"https:\/\/www.quantumbw.de\/wp-content\/uploads\/2024\/06\/300-mm-Kryogener-Wafer-Prober_breit_web.jpg 1920w, https:\/\/www.quantumbw.de\/wp-content\/uploads\/2024\/06\/300-mm-Kryogener-Wafer-Prober_breit_web-640x427.jpg 640w, https:\/\/www.quantumbw.de\/wp-content\/uploads\/2024\/06\/300-mm-Kryogener-Wafer-Prober_breit_web-1024x683.jpg 1024w, https:\/\/www.quantumbw.de\/wp-content\/uploads\/2024\/06\/300-mm-Kryogener-Wafer-Prober_breit_web-768x512.jpg 768w, https:\/\/www.quantumbw.de\/wp-content\/uploads\/2024\/06\/300-mm-Kryogener-Wafer-Prober_breit_web-1536x1024.jpg 1536w, https:\/\/www.quantumbw.de\/wp-content\/uploads\/2024\/06\/300-mm-Kryogener-Wafer-Prober_breit_web-1400x933.jpg 1400w\" sizes=\"auto, (max-width: 1920px) 100vw, 1920px\">                <figcaption class=\"media__caption white\">\u00a9 Fraunhofer IAF<\/figcaption>            <\/div>            <div class=\"teaser-box__link__details\">                <h3 class=\"teaser-box__link__details__headline font-size-m font-weight-l font-color-dark \">Mehr \u00fcber Quantum<sup>BW<\/sup><\/h3>            <\/div>        <\/a>    <\/div><\/div><div class=\"slidex__slide\">    <div class=\"teaser-box below\">        <a class=\"teaser-box__link\" href=\"https:\/\/www.quantumbw.de\/de\/the-laend-of-quantum-technology-home\/ueber-quantumbw\/sprecher-und-geschaeftsstelle\/\" target=\"_blank\" role=\"link\" aria-label=\"More about Sprecher und Gesch\u00e4ftsstelle kennenlernen\"><div class=\"teaser-box__link__media\"><img loading=\"lazy\" decoding=\"async\" width=\"1920\" height=\"1280\" src=\"https:\/\/www.quantumbw.de\/wp-content\/uploads\/2024\/06\/05_Quantum-Effects-2023_web.jpg\" class=\"teaser-box__link__media__image\" alt=\"Die Sprecher von Quantum<sup>BW<\/sup> mit den Ministerinnen Olschowski und Hoffmeister-Kraut sowie mit R\u00fcdiger Quay und dem \" srcset=\"https:\/\/www.quantumbw.de\/wp-content\/uploads\/2024\/06\/05_Quantum-Effects-2023_web.jpg 1920w, https:\/\/www.quantumbw.de\/wp-content\/uploads\/2024\/06\/05_Quantum-Effects-2023_web-640x427.jpg 640w, https:\/\/www.quantumbw.de\/wp-content\/uploads\/2024\/06\/05_Quantum-Effects-2023_web-1024x683.jpg 1024w, https:\/\/www.quantumbw.de\/wp-content\/uploads\/2024\/06\/05_Quantum-Effects-2023_web-768x512.jpg 768w, https:\/\/www.quantumbw.de\/wp-content\/uploads\/2024\/06\/05_Quantum-Effects-2023_web-1536x1024.jpg 1536w, https:\/\/www.quantumbw.de\/wp-content\/uploads\/2024\/06\/05_Quantum-Effects-2023_web-1400x933.jpg 1400w\" sizes=\"auto, (max-width: 1920px) 100vw, 1920px\">                <figcaption class=\"media__caption white\">\u00a9 Fraunhofer IAO | Ludmilla Parsyak<\/figcaption>            <\/div>            <div class=\"teaser-box__link__details\">                <h3 class=\"teaser-box__link__details__headline font-size-m font-weight-l font-color-dark \">Sprecher und Gesch\u00e4fts\u00adstelle kennenlernen<\/h3>            <\/div>        <\/a>    <\/div><\/div><div class=\"slidex__slide\">    <div class=\"teaser-box below\">        <a class=\"teaser-box__link\" href=\"https:\/\/www.uni-ulm.de\/nawi\/naturwissenschaften\/nawi-detailseiten\/news-detail\/article\/quantenwissenschaft-olschowski-besucht-uni\/\" target=\"_blank\" role=\"link\" aria-label=\"More about Pressemitteilung der Universit\u00e4t Ulm\"><div class=\"teaser-box__link__media\"><img loading=\"lazy\" decoding=\"async\" width=\"1200\" height=\"900\" src=\"https:\/\/www.quantumbw.de\/wp-content\/uploads\/2024\/06\/csm_Olschowski_Gruppe_b89e8a2bcd.jpg\" class=\"teaser-box__link__media__image\" alt=\"Besuch von Wissenschaftsministerin Petra Olschowski an der Uni Ulm: Prof. Joachim Ankerhold, QuantumBW-Sprecher; Doktorandin Miriam Resch; Lara Thullner und Yannik Gerdes, Physikstudierende; Wissenschaftsministerin Petra Olschowski; Martin Rivoir, Landtagsabgeordneter und Universit\u00e4tspr\u00e4sident Prof. Michael Weber (v. l.)\" srcset=\"https:\/\/www.quantumbw.de\/wp-content\/uploads\/2024\/06\/csm_Olschowski_Gruppe_b89e8a2bcd.jpg 1200w, https:\/\/www.quantumbw.de\/wp-content\/uploads\/2024\/06\/csm_Olschowski_Gruppe_b89e8a2bcd-640x480.jpg 640w, https:\/\/www.quantumbw.de\/wp-content\/uploads\/2024\/06\/csm_Olschowski_Gruppe_b89e8a2bcd-1024x768.jpg 1024w, https:\/\/www.quantumbw.de\/wp-content\/uploads\/2024\/06\/csm_Olschowski_Gruppe_b89e8a2bcd-768x576.jpg 768w\" sizes=\"auto, (max-width: 1200px) 100vw, 1200px\">                <figcaption class=\"media__caption white\">\u00a9 Minis\u00adterium f\u00fcr Wissen\u00adschaft, Forschung und Kunst Baden-W\u00fcrttemberg<\/figcaption>            <\/div>            <div class=\"teaser-box__link__details\">                <h3 class=\"teaser-box__link__details__headline font-size-m font-weight-l font-color-dark \">Pressemit\u00adteilung der Univer\u00adsit\u00e4t&nbsp;Ulm<\/h3>            <\/div>        <\/a>    <\/div><\/div>                <\/div>            <\/div>        <\/div>    <\/div><\/section>[\/vc_column][\/vc_row]\n<\/div>","protected":false},"excerpt":{"rendered":"[vc_row][vc_column][module_parallax_hero_image module_ratio=\u201cr\u201121\u20139\u201d position=\u201cbottom-left\u201d spacebefore=\u201cspacebefore-none\u201d spaceafter=\u201cspaceafter\u2011m\u201d indentbefore=\u201cindentbefore-none\u201d indentafter=\u201cindentafter-none\u201d bgcolor=\u201d\u201d module_effect=\u201ceffect-media\u201d image=\u201c3233\u201d] Wissenschaftsmin\u00adis\u00adterin Petra Olschowski besucht Univer\u00adsit\u00e4t&nbsp;Ulm [\/module_parallax_hero_image][\/vc_column][\/vc_row][vc_row][vc_column][module_free_text spacebefore=\u201cspacebefore-none\u201d spaceafter=\u201cspaceafter\u2011m\u201d indentbefore=\u201cindentbefore-xs\u201d indentafter=\u201cindentafter-xs\u201d bgcolor=\u201d\u201d moduleeffect=\u201ceffect-media\u201d] 7.6.2024, Pressemit\u00adteilung der Univer\u00adsit\u00e4t&nbsp;Ulm Wissenschaftsmin\u00adis\u00adterin Petra Olschowski besucht Univer\u00adsit\u00e4t&nbsp;Ulm [\/module_free_text][\/vc_column][\/vc_row][vc_row][vc_column][module_free_text spacebefore=\u201cspacebefore-none\u201d spaceafter=\u201cspaceafter\u2011m\u201d indentbefore=\u201cindentbefore-xs\u201d indentafter=\u201cindentafter-xs\u201d bgcolor=\u201d\u201d moduleeffect=\u201ceffect-media\u201d]Magne\u00adtres\u00ado\u00adnanz\u00adto\u00admo\u00adgrafie oder GPS-Navigation beruhen auf quanten\u00admech\u00ada\u00adnis\u00adchen Funktio\u00adnen. Doch die Quanten\u00admechanik soll in Zukunft auch abh\u00f6r\u00adsichere Kommu\u00adnika\u00adtion und hochsensible&nbsp;[\u2026]","protected":false},"author":8,"featured_media":3233,"comment_status":"closed","ping_status":"closed","sticky":false,"template":"","format":"standard","meta":{"_acf_changed":false,"inline_featured_image":false,"wp_typography_post_enhancements_disabled":false,"footnotes":""},"categories":[25],"tags":[],"class_list":["post-3232","post","type-post","status-publish","format-standard","has-post-thumbnail","hentry","category-news"],"acf":[],"_links":{"self":[{"href":"https:\/\/www.quantumbw.de\/de\/wp-json\/wp\/v2\/posts\/3232","targetHints":{"allow":["GET"]}}],"collection":[{"href":"https:\/\/www.quantumbw.de\/de\/wp-json\/wp\/v2\/posts"}],"about":[{"href":"https:\/\/www.quantumbw.de\/de\/wp-json\/wp\/v2\/types\/post"}],"author":[{"embeddable":true,"href":"https:\/\/www.quantumbw.de\/de\/wp-json\/wp\/v2\/users\/8"}],"replies":[{"embeddable":true,"href":"https:\/\/www.quantumbw.de\/de\/wp-json\/wp\/v2\/comments?post=3232"}],"version-history":[{"count":9,"href":"https:\/\/www.quantumbw.de\/de\/wp-json\/wp\/v2\/posts\/3232\/revisions"}],"predecessor-version":[{"id":3252,"href":"https:\/\/www.quantumbw.de\/de\/wp-json\/wp\/v2\/posts\/3232\/revisions\/3252"}],"wp:featuredmedia":[{"embeddable":true,"href":"https:\/\/www.quantumbw.de\/de\/wp-json\/wp\/v2\/media\/3233"}],"wp:attachment":[{"href":"https:\/\/www.quantumbw.de\/de\/wp-json\/wp\/v2\/media?parent=3232"}],"wp:term":[{"taxonomy":"category","embeddable":true,"href":"https:\/\/www.quantumbw.de\/de\/wp-json\/wp\/v2\/categories?post=3232"},{"taxonomy":"post_tag","embeddable":true,"href":"https:\/\/www.quantumbw.de\/de\/wp-json\/wp\/v2\/tags?post=3232"}],"curies":[{"name":"wp","href":"https:\/\/api.w.org\/{rel}","templated":true}]}}